{"id":16940,"date":"2026-01-19T18:40:21","date_gmt":"2026-01-19T21:40:21","guid":{"rendered":"https:\/\/defensoriaformosa.gob.ar\/?p=16940"},"modified":"2026-01-21T19:01:55","modified_gmt":"2026-01-21T22:01:55","slug":"el-gobierno-nacional-postergo-la-aplicacion-del-nuevo-esquema-de-subsidios-energeticos","status":"publish","type":"post","link":"https:\/\/defensoriaformosa.gob.ar\/?p=16940","title":{"rendered":"EL GOBIERNO NACIONAL POSTERGO LA APLICACION DEL NUEVO ESQUEMA DE SUBSIDIOS ENERGETICOS"},"content":{"rendered":"<p><strong>&#8211; Gialluca afirm\u00f3 que, Lopez Tozzi, est\u00e1 confundido, pero no es su culpa, esto es consecuencia de \u201clas idas y venidas en las que se enreda la Secretaria de Energ\u00eda, improvisaci\u00f3n y falta de informaci\u00f3n adecuada a los usuarios, distribuidores de energ\u00eda el\u00e9ctrica y Estados Provinciales\u201d-<\/strong><\/p>\n<p><!--more--><\/p>\n<p>El Defensor del Pueblo de la Provincia de Formosa, Dr. Jos\u00e9 Leonardo Gialluca, se\u00f1al\u00f3 que este lunes 19 de enero del corriente a\u00f1o, la Secretaria de Energ\u00eda, dependiente del Ministerio de Econom\u00eda de Naci\u00f3n, \u201cposterg\u00f3 la aplicaci\u00f3n del nuevo esquema de subsidios energ\u00e9ticos\u201d. El Funcionario Provincial, se\u00f1al\u00f3 que, la decisi\u00f3n se tom\u00f3 debido a demoras administrativas y t\u00e9cnicas y mantiene por ahora el sistema vigente de segmentaci\u00f3n de tarifas, tanto para la energ\u00eda el\u00e9ctrica como para el gas. Esto se debe, afirm\u00f3 Gialluca, a que a\u00fan no se public\u00f3 el Decreto Reglamentario, ni se definieron los nuevos cuadros tarifarios que acompa\u00f1an al esquema, lo que atras\u00f3 la instrumentaci\u00f3n total del sistema. Esto incluye la necesidad de ajustar sistemas inform\u00e1ticos, cruzar bases de datos y establecer nuevas reglas de operaci\u00f3n con las distribuidoras y las provincias. Mientras tanto, se mantiene el esquema actual de subsidios por niveles de ingresos que divide a los usuarios residenciales en tres categor\u00edas: * Nivel 1 (N1): Usuarios de ingresos altos (sin subsidio). * Nivel 2 (N2): Usuarios con menores ingresos (mayor subsidio). * Nivel 3 (N3): Usuarios de ingresos medios (subsidio intermedio).<\/p>\n<p>El nuevo sistema, que se denomina Subsidio Energ\u00e9tico Focalizado (SEF), contempla transformaciones m\u00e1s profundas, incluyendo la eliminaci\u00f3n de esos tres niveles y su reemplazo por una estructura simplificada de usuarios con y sin subsidios. Con la postergaci\u00f3n al mes pr\u00f3ximo, se prev\u00e9 que: * Se publique el decreto reglamentario que habilite formalmente la entrada en vigencia del nuevo sistema. * La Secretar\u00eda de Energ\u00eda anuncie los nuevos valores y condiciones de los subsidios para gas y electricidad. *Empiecen a regir los cambios en la segmentaci\u00f3n de tarifas, que podr\u00edan impactar especialmente en usuarios de ingresos medios. Aunque el nuevo esquema todav\u00eda no entra en vigencia, los aumentos en las facturas de energ\u00eda podr\u00edan aplicarse igualmente en enero 2026 por actualizaciones tarifarias vinculadas a la inflaci\u00f3n y a ajustes t\u00e9cnicos realizados por las empresas prestatarias. La postergaci\u00f3n de la aplicaci\u00f3n del nuevo esquema de subsidios hasta febrero garantiza que, por ahora, sigan vigentes las tarifas y mecanismos tradicionales de ayuda estatal, mientras se afinan los aspectos t\u00e9cnicos y regulatorios para la puesta en marcha del sistema focalizado, que busca reorganizar la pol\u00edtica tarifaria de energ\u00eda en el pa\u00eds. Por lo que, ratific\u00f3 la postura del Organismo de la Constituci\u00f3n Provincial, en cuanto a que, en estos primeros meses del 2026, no se ver\u00e1n reflejado los nuevos beneficios econ\u00f3micos del Gobierno Nacional.<\/p>\n<p>Por ello, no es verdad lo afirmado por el Diputado Provincial L\u00f3pez Tozzi, \u201cnadie quiere ocultar nada y ello es imposible, pues todo se publica en el Bolet\u00edn Oficial y el uso pol\u00edtico de esta situaci\u00f3n, la est\u00e1 haciendo el mismo, puesto que ninguna provincia ni distribuidora puede retener, lo que nunca a\u00fan recibi\u00f3 y hablar de reintegros es totalmente descabellado\u201d, por eso, estaremos pendientes de las decisiones que d\u00eda a d\u00eda implemente la Secretaria de Energ\u00eda de Naci\u00f3n.<\/p>\n","protected":false},"excerpt":{"rendered":"<p>&#8211; Gialluca afirm\u00f3 que, Lopez Tozzi, est\u00e1 confundido, pero no es su culpa, esto es consecuencia de \u201clas idas y venidas en las que se enreda la Secretaria de Energ\u00eda, improvisaci\u00f3n y falta de informaci\u00f3n adecuada a los usuarios, distribuidores de energ\u00eda el\u00e9ctrica y Estados Provinciales\u201d-<\/p>\n","protected":false},"author":1,"featured_media":16941,"comment_status":"closed","ping_status":"closed","sticky":false,"template":"","format":"standard","meta":{"footnotes":""},"categories":[1],"tags":[],"class_list":["post-16940","post","type-post","status-publish","format-standard","has-post-thumbnail","hentry","category-noticias"],"_links":{"self":[{"href":"https:\/\/defensoriaformosa.gob.ar\/index.php?rest_route=\/wp\/v2\/posts\/16940","targetHints":{"allow":["GET"]}}],"collection":[{"href":"https:\/\/defensoriaformosa.gob.ar\/index.php?rest_route=\/wp\/v2\/posts"}],"about":[{"href":"https:\/\/defensoriaformosa.gob.ar\/index.php?rest_route=\/wp\/v2\/types\/post"}],"author":[{"embeddable":true,"href":"https:\/\/defensoriaformosa.gob.ar\/index.php?rest_route=\/wp\/v2\/users\/1"}],"replies":[{"embeddable":true,"href":"https:\/\/defensoriaformosa.gob.ar\/index.php?rest_route=%2Fwp%2Fv2%2Fcomments&post=16940"}],"version-history":[{"count":1,"href":"https:\/\/defensoriaformosa.gob.ar\/index.php?rest_route=\/wp\/v2\/posts\/16940\/revisions"}],"predecessor-version":[{"id":16943,"href":"https:\/\/defensoriaformosa.gob.ar\/index.php?rest_route=\/wp\/v2\/posts\/16940\/revisions\/16943"}],"wp:featuredmedia":[{"embeddable":true,"href":"https:\/\/defensoriaformosa.gob.ar\/index.php?rest_route=\/wp\/v2\/media\/16941"}],"wp:attachment":[{"href":"https:\/\/defensoriaformosa.gob.ar\/index.php?rest_route=%2Fwp%2Fv2%2Fmedia&parent=16940"}],"wp:term":[{"taxonomy":"category","embeddable":true,"href":"https:\/\/defensoriaformosa.gob.ar\/index.php?rest_route=%2Fwp%2Fv2%2Fcategories&post=16940"},{"taxonomy":"post_tag","embeddable":true,"href":"https:\/\/defensoriaformosa.gob.ar\/index.php?rest_route=%2Fwp%2Fv2%2Ftags&post=16940"}],"curies":[{"name":"wp","href":"https:\/\/api.w.org\/{rel}","templated":true}]}}