{"id":16937,"date":"2026-01-19T11:35:33","date_gmt":"2026-01-19T14:35:33","guid":{"rendered":"https:\/\/defensoriaformosa.gob.ar\/?p=16937"},"modified":"2026-01-19T11:35:33","modified_gmt":"2026-01-19T14:35:33","slug":"los-nuevos-consumos-electricos-bonificados-para-el-norte-argentino-se-aplicaran-desde-marzo","status":"publish","type":"post","link":"https:\/\/defensoriaformosa.gob.ar\/?p=16937","title":{"rendered":"LOS NUEVOS CONSUMOS ELECTRICOS BONIFICADOS PARA EL NORTE ARGENTINO SE APLICARAN DESDE MARZO"},"content":{"rendered":"<p><strong>-Se fij\u00f3, adem\u00e1s, un calendario de estacionalidad para el resto del a\u00f1o en todo el pa\u00eds, donde la Resoluci\u00f3n 13\/26 de la SE, establece en mayo, junio, julio y agosto, un bloque subsidiado de 300KWh mensuales y en marzo, abril, septiembre, octubre y noviembre, baja a 150KWh mensuales-<\/strong><\/p>\n<p><!--more--><\/p>\n<p>El Defensor del Pueblo de la Provincia de Formosa Dr. Jos\u00e9 Leonardo Gialluca, \u201caclar\u00f3 a los consumidores residenciales de nuestra provincia que la elevaci\u00f3n de los l\u00edmites de consumo el\u00e9ctrico con subsidios en el NEA &#8211; NOA, con la implementaci\u00f3n del Sistema de Subsidios Energ\u00e9ticos Focalizados (SEF), no se ver\u00e1n reflejados en las facturaciones de los meses de enero y febrero del 2026\u201d. En este contexto, el Funcionario Provincial, \u201cllam\u00f3 a los sectores pol\u00edticos locales y algunos medios de comunicaci\u00f3n, que la informaci\u00f3n que se brinde, est\u00e9 respaldada en los diversos instrumentos que viene dictando y publicando el Gobierno Nacional, caso contrario, originan adem\u00e1s de falsas expectativas, confusiones innecesarias a quienes necesitan actualmente refrigerarse por las altas temperaturas y donde los consumos son mayores, reflej\u00e1ndose los mismos en las facturaciones de cada distribuidora\u201d.<\/p>\n<p>Es irresponsable no brindar precisiones legales y t\u00e9cnicas sobre este tema \u201cpues en los hechos miles de hogares destinan gran parte de sus ingresos al pago de servicios, que desde la asunci\u00f3n de Javier Milei subieron m\u00e1s del doble que la inflaci\u00f3n y m\u00e1s de 100 puntos por sobre el salario privado formal medio\u201d. Esto es as\u00ed, toda vez que, la Resoluci\u00f3n 13\/26 de la Secretaria de Energ\u00eda de Naci\u00f3n, \u201cubic\u00f3 a formosa como zona bioambiental Muy C\u00e1lida, \u00fanicamente en los meses de enero, febrero y diciembre con una bonificaci\u00f3n para los usuarios residenciales que no superen los 550KW\/h mes, luego se vuelve a los 300 y 150 KWh\/ mes, que por los consumos promedios del RASE, a los hogares del Norte Argentino, no los beneficia en nada\u201d.<\/p>\n<p>El punto, afirm\u00f3 Gialluca, es que el impacto de este sistema \u201cno se ver\u00e1 reflejado ni en el mes de enero, febrero de este a\u00f1o porque el Precio Estacional Actualizado de Energ\u00eda El\u00e9ctrica no ha sido establecido desde la Secretaria de Energ\u00eda de Naci\u00f3n, que lo hace trimestralmente y en ocasiones mensualmente para ajustar los valores a los \u00edndices que publica el INDEC en relaci\u00f3n a la inflaci\u00f3n\u201d. Entonces operativamente, los bloques de consumo el\u00e9ctrico bonificados para el NEA y NOA, podr\u00e1n entrar en vigencia, reci\u00e9n cuando la Secretaria de Energ\u00eda establezca el nuevo Precio Estacional de la Energ\u00eda El\u00e9ctrica (PEST). Por \u00faltimo, se\u00f1al\u00f3 que tanto el ANSES ARCA y el SISTEMA DE IDENTIFICACI\u00d3N NACIONAL TRIBUTARIO Y SOCIAL, deben colaborar con la Subsecretaria de Transici\u00f3n y Planeamiento Energ\u00e9tico, para proveer informaci\u00f3n sobre los hogares (composici\u00f3n familiar, ingresos, v\u00ednculos etc.) para reci\u00e9n verificar la elegibilidad de los beneficiarios del SEF.<\/p>\n<p>Asimismo, se prev\u00e9 que los usuarios podr\u00e1n actualizar, completar o rectificar su inscripci\u00f3n mediante la presentaci\u00f3n de declaraciones juradas, por medios digitales o de manera presencial ante ANSES. Para ello, se solicit\u00f3 a quienes necesiten asesoramiento gratuito, concurrir o comunicarse a la Defensor\u00eda del Pueblo, a los correos electr\u00f3nicos Institucionales <a href=\"mailto:denuncia@formosa.gov.ar\">denuncia@formosa.gov.ar<\/a> \u2013 <a href=\"mailto:depuefor@fibertel.com.ar\">depuefor@fibertel.com.ar<\/a>, en horarios 8:00 a 13:00 y de 18:00 a 20:00 horas.<\/p>\n","protected":false},"excerpt":{"rendered":"<p>-Se fij\u00f3, adem\u00e1s, un calendario de estacionalidad para el resto del a\u00f1o en todo el pa\u00eds, donde la Resoluci\u00f3n 13\/26 de la SE, establece en mayo, junio, julio y agosto, un bloque subsidiado de 300KWh mensuales y en marzo, abril, septiembre, octubre y noviembre, baja a 150KWh mensuales-<\/p>\n","protected":false},"author":1,"featured_media":16938,"comment_status":"closed","ping_status":"closed","sticky":false,"template":"","format":"standard","meta":{"footnotes":""},"categories":[1],"tags":[],"class_list":["post-16937","post","type-post","status-publish","format-standard","has-post-thumbnail","hentry","category-noticias"],"_links":{"self":[{"href":"https:\/\/defensoriaformosa.gob.ar\/index.php?rest_route=\/wp\/v2\/posts\/16937","targetHints":{"allow":["GET"]}}],"collection":[{"href":"https:\/\/defensoriaformosa.gob.ar\/index.php?rest_route=\/wp\/v2\/posts"}],"about":[{"href":"https:\/\/defensoriaformosa.gob.ar\/index.php?rest_route=\/wp\/v2\/types\/post"}],"author":[{"embeddable":true,"href":"https:\/\/defensoriaformosa.gob.ar\/index.php?rest_route=\/wp\/v2\/users\/1"}],"replies":[{"embeddable":true,"href":"https:\/\/defensoriaformosa.gob.ar\/index.php?rest_route=%2Fwp%2Fv2%2Fcomments&post=16937"}],"version-history":[{"count":1,"href":"https:\/\/defensoriaformosa.gob.ar\/index.php?rest_route=\/wp\/v2\/posts\/16937\/revisions"}],"predecessor-version":[{"id":16939,"href":"https:\/\/defensoriaformosa.gob.ar\/index.php?rest_route=\/wp\/v2\/posts\/16937\/revisions\/16939"}],"wp:featuredmedia":[{"embeddable":true,"href":"https:\/\/defensoriaformosa.gob.ar\/index.php?rest_route=\/wp\/v2\/media\/16938"}],"wp:attachment":[{"href":"https:\/\/defensoriaformosa.gob.ar\/index.php?rest_route=%2Fwp%2Fv2%2Fmedia&parent=16937"}],"wp:term":[{"taxonomy":"category","embeddable":true,"href":"https:\/\/defensoriaformosa.gob.ar\/index.php?rest_route=%2Fwp%2Fv2%2Fcategories&post=16937"},{"taxonomy":"post_tag","embeddable":true,"href":"https:\/\/defensoriaformosa.gob.ar\/index.php?rest_route=%2Fwp%2Fv2%2Ftags&post=16937"}],"curies":[{"name":"wp","href":"https:\/\/api.w.org\/{rel}","templated":true}]}}