{"id":16838,"date":"2025-12-12T22:42:12","date_gmt":"2025-12-13T01:42:12","guid":{"rendered":"https:\/\/defensoriaformosa.gob.ar\/?p=16838"},"modified":"2025-12-14T22:44:09","modified_gmt":"2025-12-15T01:44:09","slug":"indico-la-defensoria-que-la-justicia-federal-declaro-invalido-el-decreto-que-suspendio-la-ley-de-emergencia-en-discapacidad-y-ordena-su-aplicacion","status":"publish","type":"post","link":"https:\/\/defensoriaformosa.gob.ar\/?p=16838","title":{"rendered":"INDIC\u00d3 LA DEFENSOR\u00cdA QUE LA JUSTICIA FEDERAL DECLARO INV\u00c1LIDO EL DECRETO QUE SUSPENDI\u00d3 LA LEY DE EMERGENCIA EN DISCAPACIDAD Y ORDENA SU APLICACI\u00d3N"},"content":{"rendered":"<p><strong>-Gialluca se\u00f1al\u00f3 que, pretender suspender la ejecuci\u00f3n de una ley por parte del Gobierno Nacional, \u201csignifica un exceso en sus facultades que la Constituci\u00f3n Nacional, no le permite y en consecuencia, se trasgrede el principio de legalidad al cual se haya obligado, contraviniendo adem\u00e1s, la supremac\u00eda constitucional, por lo que, esta decisi\u00f3n judicial, marca un nuevo precedente en la defensa judicial de los derechos de las personas con discapacidad-<\/strong><\/p>\n<p><!--more--><\/p>\n<p>La norma hab\u00eda quedado suspendida por un Decreto del Ejecutivo Nacional hasta tanto el Congreso especificara de d\u00f3nde saldr\u00edan los fondos. Con este fallo se declara \u201cla invalidez del Art. 2 del Decreto N\u00ba 681\/2025, publicado el 22 de septiembre de 2025 en el Bolet\u00edn Oficial de la Rep\u00fablica Argentina y en consecuencia, se ordena la inmediata aplicaci\u00f3n de la Ley 27.793\u2033. El fallo se\u00f1ala: \u00abReafirmando que el derecho a la salud, educaci\u00f3n y rehabilitaci\u00f3n de personas con discapacidad debe prevalecer frente a restricciones presupuestarias y que el Estado Argentino est\u00e1 obligado a cumplir con los est\u00e1ndares constitucionales e internacionales que garantizan la protecci\u00f3n integral de los grupos m\u00e1s vulnerables y la obligaci\u00f3n de no regresividad establecida en la Convenci\u00f3n Americana sobre Derechos Humanos, corresponde declarar la invalidez del Art. 2\u00b0 del Decreto 681\/2025\u00bb. Adem\u00e1s, el fallo recalc\u00f3 que \u00abel 10 de julio de 2025 el Honorable Congreso de la Naci\u00f3n sancion\u00f3 la Ley 27.793 por la que se declar\u00f3 la emergencia en discapacidad en todo el territorio nacional hasta el 31 de diciembre de 2027, con el objetivo de garantizar el cumplimiento efectivo de los derechos de las personas con discapacidad\u00bb.<\/p>\n<p>El Ombudsman Provincial, Dr. Jos\u00e9 Leonardo Gialluca, denunci\u00f3 que, el Sistema de Prestaciones B\u00e1sicas de Atenci\u00f3n Integral a favor de las Personas con Discapacidad \u00abatraviesa una crisis sist\u00e9mica caracterizada por el desfinanciamiento progresivo, el colapso de las prestaciones reflejado en el cierre masivo de instituciones, interrupci\u00f3n de tratamientos y deterioro cr\u00edtico de la calidad de servicios\u00bb. La suspensi\u00f3n de la ley, contin\u00faa expresando el fallo, impide la aplicaci\u00f3n de las medidas \u00abdise\u00f1adas para garantizar la continuidad de las prestaciones, establecer est\u00e1ndares m\u00ednimos de calidad y accesibilidad, implementar mecanismos de monitoreo y evaluaci\u00f3n del sistema y asegurar la participaci\u00f3n efectiva de las personas con discapacidad en las decisiones que las afectan\u00bb. El citado devuelve las pensiones por invalidez y la continuidad de tratamientos interrumpidos, un hecho calificado como \u00abuna gran noticia\u00bb por parte del colectivo de personas con discapacidad.<\/p>\n<p>Ello sucede ante la procedencia de la Acci\u00f3n Judicial caratulada: \u00abJ.O.G. (en representaci\u00f3n de sus hijos) y otro c\/ ESTADO NACIONAL\/PRESIDENCIA DE LA NACION s\/ AMPARO COLECTIVO\u00bb, del Juzgado Federal de Primera Instancia de Campana, Resoluci\u00f3n firmada por el Juez Adri\u00e1n Gonz\u00e1lez Charvay. De esta manera, el Decreto ahora anulado por la Justicia hab\u00eda sido el artilugio que encontr\u00f3 el Gobierno Nacional para promulgar la ley sancionada por ambas C\u00e1maras del Congreso, pero suspender su ejecuci\u00f3n hasta que se \u00abdeterminen las fuentes espec\u00edficas para su financiamiento\u00bb.<\/p>\n","protected":false},"excerpt":{"rendered":"<p>-Gialluca se\u00f1al\u00f3 que, pretender suspender la ejecuci\u00f3n de una ley por parte del Gobierno Nacional, \u201csignifica un exceso en sus facultades que la Constituci\u00f3n Nacional, no le permite y en consecuencia, se trasgrede el principio de legalidad al cual se haya obligado, contraviniendo adem\u00e1s, la supremac\u00eda constitucional, por lo que, esta decisi\u00f3n judicial, marca un [&hellip;]<\/p>\n","protected":false},"author":1,"featured_media":16839,"comment_status":"closed","ping_status":"closed","sticky":false,"template":"","format":"standard","meta":{"footnotes":""},"categories":[1],"tags":[],"class_list":["post-16838","post","type-post","status-publish","format-standard","has-post-thumbnail","hentry","category-noticias"],"_links":{"self":[{"href":"https:\/\/defensoriaformosa.gob.ar\/index.php?rest_route=\/wp\/v2\/posts\/16838","targetHints":{"allow":["GET"]}}],"collection":[{"href":"https:\/\/defensoriaformosa.gob.ar\/index.php?rest_route=\/wp\/v2\/posts"}],"about":[{"href":"https:\/\/defensoriaformosa.gob.ar\/index.php?rest_route=\/wp\/v2\/types\/post"}],"author":[{"embeddable":true,"href":"https:\/\/defensoriaformosa.gob.ar\/index.php?rest_route=\/wp\/v2\/users\/1"}],"replies":[{"embeddable":true,"href":"https:\/\/defensoriaformosa.gob.ar\/index.php?rest_route=%2Fwp%2Fv2%2Fcomments&post=16838"}],"version-history":[{"count":1,"href":"https:\/\/defensoriaformosa.gob.ar\/index.php?rest_route=\/wp\/v2\/posts\/16838\/revisions"}],"predecessor-version":[{"id":16840,"href":"https:\/\/defensoriaformosa.gob.ar\/index.php?rest_route=\/wp\/v2\/posts\/16838\/revisions\/16840"}],"wp:featuredmedia":[{"embeddable":true,"href":"https:\/\/defensoriaformosa.gob.ar\/index.php?rest_route=\/wp\/v2\/media\/16839"}],"wp:attachment":[{"href":"https:\/\/defensoriaformosa.gob.ar\/index.php?rest_route=%2Fwp%2Fv2%2Fmedia&parent=16838"}],"wp:term":[{"taxonomy":"category","embeddable":true,"href":"https:\/\/defensoriaformosa.gob.ar\/index.php?rest_route=%2Fwp%2Fv2%2Fcategories&post=16838"},{"taxonomy":"post_tag","embeddable":true,"href":"https:\/\/defensoriaformosa.gob.ar\/index.php?rest_route=%2Fwp%2Fv2%2Ftags&post=16838"}],"curies":[{"name":"wp","href":"https:\/\/api.w.org\/{rel}","templated":true}]}}