{"id":16813,"date":"2025-12-03T21:40:06","date_gmt":"2025-12-04T00:40:06","guid":{"rendered":"https:\/\/defensoriaformosa.gob.ar\/?p=16813"},"modified":"2025-12-03T21:40:06","modified_gmt":"2025-12-04T00:40:06","slug":"las-defensorias-del-pueblo-de-formosa-y-buenos-aires-instaron-al-ministro-de-salud-de-nacion-que-incluya-a-estas-jurisdicciones-en-el-pronunciamiento-sobre-vacunas","status":"publish","type":"post","link":"https:\/\/defensoriaformosa.gob.ar\/?p=16813","title":{"rendered":"LAS DEFENSORIAS DEL PUEBLO DE FORMOSA Y BUENOS AIRES INSTARON AL MINISTRO DE SALUD DE NACION QUE INCLUYA A ESTAS JURISDICCIONES EN EL PRONUNCIAMIENTO SOBRE VACUNAS"},"content":{"rendered":"<p><strong>-Los verdaderos datos muestran algo mucho m\u00e1s serio que la supuesta magnetizaci\u00f3n de las vacunas, en argentina, est\u00e1n reapareciendo enfermedades que estaban controladas, produci\u00e9ndose rebrotes de sarampi\u00f3n, aumento de hepatitis A y ca\u00edda hist\u00f3rica en la vacunaci\u00f3n infantil, mientras el Congreso Nacional, se presta para actos grotescos y de verdadera negligencia que repudiamos en\u00e9rgicamente-<\/strong><\/p>\n<p><!--more--><\/p>\n<p>El Defensor del Pueblo de la Provincia de Formosa, Dr. Jos\u00e9 Leonardo Gialluca, junto al Ombudsman de la Provincia de Buenos Aires, Dr. Guido Lorenzino, Instaron al Ministro de Salud de la Naci\u00f3n, Mario Iv\u00e1n Lugones, que de manera urgente, se corrija el grosero error cometido, con las correspondientes rectificaciones p\u00fablicas y se incorpore a la Provincia de Formosa y Buenos Aires en el pronunciamiento emitido por la Cartera Nacional, mediante la cual, se afirma que, \u201cLas Vacunas son Seguras y Salvan Vidas\u201d, toda vez que, estas dos jurisdicciones no fueron invitadas a suscribir dicho comunicado, lesion\u00e1ndose arbitrariamente e intencionalmente los derechos de los ciudadanos que en ellas residen. Se a\u00f1adi\u00f3 en este sentido, que las Carteras de Salud de las Provincias citadas, han expresado p\u00fablicamente, que, de haber sido invitadas, hubiese suscripto dicho documento, considerando que, siempre han respaldado el Calendario Nacional de Vacunaci\u00f3n, adem\u00e1s de venir solicitando desde hace largo tiempo que el Gobierno Nacional provea las vacunas necesarias y que invierta en Campa\u00f1as de Difusi\u00f3n y Concientizaci\u00f3n sobre la importancia de vacunarse. Gialluca record\u00f3 que, hace pocos d\u00edas en el Congreso de la Naci\u00f3n, se realiz\u00f3 una ins\u00f3lita exposici\u00f3n para \u201cprobar\u201d que las vacunas generan magnetismo.<\/p>\n<p>Mientras tanto, los verdaderos datos muestran algo mucho m\u00e1s serio, en argentina, est\u00e1n reapareciendo enfermedades que estaban controladas, produci\u00e9ndose rebrotes de sarampi\u00f3n, aumento de hepatitis A y ca\u00edda hist\u00f3rica en la vacunaci\u00f3n infantil. Ninguna vacuna tiene metales, imanes, ni chips. Lo que s\u00ed tienen es eficacia comprobada, a\u00f1os de investigaci\u00f3n y la capacidad de salvar vidas, \u201cpor ello, vacunarse, no te convierte en un im\u00e1n, sino que te convierte en parte de una red de cuidado colectivo\u201d. Este evento, que congreg\u00f3 a una sala llena de activistas y profesionales que cuestionan la eficacia y seguridad de las vacunas (particularmente las de COVID-19), no fue un debate acad\u00e9mico. Fue la exposici\u00f3n p\u00fablica de pseudociencia disfrazada de \u00abpreocupaci\u00f3n ciudadana\u00bb. Sociedades cient\u00edficas y m\u00e9dicas han desmentido categ\u00f3ricamente la relaci\u00f3n entre las vacunas y el magnetismo, una teor\u00eda conspirativa global que carece de base bioqu\u00edmica o f\u00edsica. El actual contexto pol\u00edtico bajo el gobierno de Javier Milei agrava la situaci\u00f3n. El clima de desregulaci\u00f3n total, la exaltaci\u00f3n del individualismo por encima del bien com\u00fan y la constante cr\u00edtica a las instituciones y al \u00abestablishment\u00bb (incluido el cient\u00edfico), crea un caldo de cultivo ideal para que las narrativas antivacunas prosperen. Aunque el Gobierno Nacional no ha adoptado una postura oficial antivacunas, su filosof\u00eda de un -Estado M\u00ednimo- que no interfiere en las decisiones personales puede ser f\u00e1cilmente instrumentalizada. Cuando una diputada del partido en el que se apoya el oficialismo pide modificar las leyes para eliminar la obligatoriedad de las vacunas del calendario oficial como propone la diputada del PRO Maril\u00fa Quiroz, se est\u00e1 poniendo en riesgo el bien com\u00fan.<\/p>\n<p>El debate no es sobre la libertad de expresi\u00f3n, sino sobre la responsabilidad p\u00fablica de no propagar informaci\u00f3n que amenaza la salud de millones de argentinos. Mientras el \u00abexperimento\u00bb del jardinero se convierte en una an\u00e9cdota bizarra, lo que realmente magnetiza la atenci\u00f3n, es la necesidad urgente de una condena expl\u00edcita y un\u00edvoca por parte de las autoridades pol\u00edticas y sanitarias. Permitir que el Congreso Nacional sea el escenario de estas payasadas pseudocient\u00edficas, especialmente en un contexto de desconfianza institucional, es un acto de negligencia que la sociedad argentina no puede permitirse.<\/p>\n","protected":false},"excerpt":{"rendered":"<p>-Los verdaderos datos muestran algo mucho m\u00e1s serio que la supuesta magnetizaci\u00f3n de las vacunas, en argentina, est\u00e1n reapareciendo enfermedades que estaban controladas, produci\u00e9ndose rebrotes de sarampi\u00f3n, aumento de hepatitis A y ca\u00edda hist\u00f3rica en la vacunaci\u00f3n infantil, mientras el Congreso Nacional, se presta para actos grotescos y de verdadera negligencia que repudiamos en\u00e9rgicamente-<\/p>\n","protected":false},"author":1,"featured_media":16814,"comment_status":"closed","ping_status":"closed","sticky":false,"template":"","format":"standard","meta":{"footnotes":""},"categories":[1],"tags":[],"class_list":["post-16813","post","type-post","status-publish","format-standard","has-post-thumbnail","hentry","category-noticias"],"_links":{"self":[{"href":"https:\/\/defensoriaformosa.gob.ar\/index.php?rest_route=\/wp\/v2\/posts\/16813","targetHints":{"allow":["GET"]}}],"collection":[{"href":"https:\/\/defensoriaformosa.gob.ar\/index.php?rest_route=\/wp\/v2\/posts"}],"about":[{"href":"https:\/\/defensoriaformosa.gob.ar\/index.php?rest_route=\/wp\/v2\/types\/post"}],"author":[{"embeddable":true,"href":"https:\/\/defensoriaformosa.gob.ar\/index.php?rest_route=\/wp\/v2\/users\/1"}],"replies":[{"embeddable":true,"href":"https:\/\/defensoriaformosa.gob.ar\/index.php?rest_route=%2Fwp%2Fv2%2Fcomments&post=16813"}],"version-history":[{"count":1,"href":"https:\/\/defensoriaformosa.gob.ar\/index.php?rest_route=\/wp\/v2\/posts\/16813\/revisions"}],"predecessor-version":[{"id":16815,"href":"https:\/\/defensoriaformosa.gob.ar\/index.php?rest_route=\/wp\/v2\/posts\/16813\/revisions\/16815"}],"wp:featuredmedia":[{"embeddable":true,"href":"https:\/\/defensoriaformosa.gob.ar\/index.php?rest_route=\/wp\/v2\/media\/16814"}],"wp:attachment":[{"href":"https:\/\/defensoriaformosa.gob.ar\/index.php?rest_route=%2Fwp%2Fv2%2Fmedia&parent=16813"}],"wp:term":[{"taxonomy":"category","embeddable":true,"href":"https:\/\/defensoriaformosa.gob.ar\/index.php?rest_route=%2Fwp%2Fv2%2Fcategories&post=16813"},{"taxonomy":"post_tag","embeddable":true,"href":"https:\/\/defensoriaformosa.gob.ar\/index.php?rest_route=%2Fwp%2Fv2%2Ftags&post=16813"}],"curies":[{"name":"wp","href":"https:\/\/api.w.org\/{rel}","templated":true}]}}