{"id":16807,"date":"2025-12-01T08:45:56","date_gmt":"2025-12-01T11:45:56","guid":{"rendered":"https:\/\/defensoriaformosa.gob.ar\/?p=16807"},"modified":"2025-12-02T08:46:38","modified_gmt":"2025-12-02T11:46:38","slug":"fallas-del-sistema-electrico-nacional-provocaron-graves-perturbaciones-en-el-nea-y-noa","status":"publish","type":"post","link":"https:\/\/defensoriaformosa.gob.ar\/?p=16807","title":{"rendered":"FALLAS DEL SISTEMA EL\u00c9CTRICO NACIONAL PROVOCARON GRAVES PERTURBACIONES EN EL NEA Y NOA"},"content":{"rendered":"<p><strong>-Este s\u00e1bado 29 de noviembre, se produjo un Colapso de Tensi\u00f3n en el Sistema Interconectado Nacional que provoc\u00f3 cortes de energ\u00eda en las Provincias del NEA y NOA. En el caso de Formosa, se vio gravemente afectado el Interior Provincial, en tanto, en la Ciudad Capital, en algunos barrios se sintieron fallas, lo que afect\u00f3 tambi\u00e9n al servicio de agua potable-<\/strong><\/p>\n<p><!--more--><\/p>\n<p>El Defensor del Pueblo de la Provincia de Formosa, Dr. Jos\u00e9 Leonardo Gialluca, se\u00f1al\u00f3 que, una falla en el Sistema Interconectado Nacional dej\u00f3 sin luz a varias provincias y oblig\u00f3 a operar de emergencia a estaciones transformadoras del norte argentino. El colapso de tensi\u00f3n en el Sistema Interconectado Nacional ocurri\u00f3 este s\u00e1bado por la tarde provocando cortes de energ\u00eda en distintas provincias del NEA y NOA. \u201cSe trat\u00f3 de una falla originada en el sistema troncal nacional y las distribuidoras actuaron para contener el impacto y normalizar el servicio cuanto antes\u201d. El corte se produjo en un contexto de alta demanda y con antecedentes recientes de fallas en distintos puntos del Sistema Interconectado. Las estaciones afectadas son nodos estrat\u00e9gicos para el abastecimiento regional y su salida de servicio genera interrupciones en cadena. Las autoridades recomendaron mantener desconectados los equipos sensibles hasta que la red opere con par\u00e1metros normales. Desde el Organismo de la Constituci\u00f3n, se Intim\u00f3 a la Presidenta de CAMMESA y actual Secretaria de Energ\u00eda de Naci\u00f3n, Lic. Mar\u00eda Carmen Tettamanti, priorice soluciones urgentes y estructurales para evitar que esta crisis energ\u00e9tica se profundice a\u00fan m\u00e1s y termine perjudicando gravemente a los usuarios residenciales y comerciales.<\/p>\n<p>El Ombudsman Provincial, afirm\u00f3 que con los cortes de energ\u00eda el que pierde siempre es el usuario y por ello, cuestion\u00f3 la gesti\u00f3n del Gobierno Nacional por la falta de previsi\u00f3n y coordinaci\u00f3n en el \u00e1rea energ\u00e9tica, remarcando que las decisiones tomadas en los \u00faltimos 11 meses han sido absolutamente ineficaces para evitar esta situaci\u00f3n cr\u00edtica, en las \u00e1reas de generaci\u00f3n y transporte que son de su responsabilidad exclusiva. Hemos alertado que se avecina un verano con predicciones clim\u00e1ticas de mucho calor, lo que generar\u00e1 m\u00e1s demanda de energ\u00eda, sin embargo, el Estado Nacional no ha invertido en las obras necesarias. Por otro lado, el Funcionario Provincial, agreg\u00f3 que, el uso masivo del aire acondicionado, ventiladores y otros equipos de refrigeraci\u00f3n, explica un tercio de la demanda en los picos de verano y el estr\u00e9s de la red tras d\u00edas de temperaturas extremas. El sistema el\u00e9ctrico de la Argentina se enfrenta nuevamente a un escenario de alta vulnerabilidad ante la llegada de la temporada estival, en particular cuando las temperaturas extremas disparan la demanda de potencia. El escenario m\u00e1s temido por las distribuidoras y para lo cual preparan sus equipos desde hace meses es el que presenta el \u00abefecto aire acondicionado\u00bb por la presi\u00f3n que ejerce sobre el sistema. Es que el factor cr\u00edtico que tensiona la red es el uso masivo de sistemas de refrigeraci\u00f3n, al punto que, en las semanas m\u00e1s calurosas del verano, el consumo derivado de los aires acondicionados llega a explicar un tercio del total de la demanda el\u00e9ctrica de pa\u00eds. Esta situaci\u00f3n se agrava durante las olas de calor extremo. No solo se produce un salto en la demanda pico, sino que existe un riesgo t\u00e9cnico acumulativo: t\u00e9cnicamente se estima que, tras cuatro d\u00edas consecutivos con temperaturas por encima de los 35 grados, la red el\u00e9ctrica comienza a sufrir un estr\u00e9s estructural que la vuelve significativamente m\u00e1s vulnerable a da\u00f1os, fallas y, consecuentemente, a los cortes de luz. Esta fragilidad del sistema se verifica en los r\u00e9cords hist\u00f3ricos de consumo que se baten a\u00f1o tras a\u00f1o durante las olas de calor. Por ejemplo, en febrero de 2025, la Argentina super\u00f3 la marca m\u00e1xima de demanda con un pico que alcanz\u00f3 los 30.240 Mw a nivel nacional, superando el r\u00e9cord anterior de 29.653 Mw registrado en febrero de 2024.<\/p>\n<p>En este contexto, CAMMESA advirti\u00f3 que, Argentina sufrir\u00eda apagones en este verano y la situaci\u00f3n podr\u00eda extenderse para 2026 y 2027. La entidad estima que faltar\u00e1n alrededor de 2.500 MW para cubrir el pico de consumo de verano que se espera de 30.700 MW. Por ende, dada la oferta limitada de los pa\u00edses vecinos y la indisponibilidad de Atucha I, hace que la oferta m\u00e1xima posible alcance los 28.751 MW y de all\u00ed que falten de 2.500 MW para cubrir el pico de 30.700 MW que se espera. Al d\u00eda de no hay licitaci\u00f3n de nueva potencia t\u00e9rmica, ni obras de transmisi\u00f3n, por otro lado, una obra de magnitud importante desde su licitaci\u00f3n hasta su puesta en marcha al menos 2 a\u00f1os, se\u00f1alaron desde CAMMESA.<\/p>\n","protected":false},"excerpt":{"rendered":"<p>-Este s\u00e1bado 29 de noviembre, se produjo un Colapso de Tensi\u00f3n en el Sistema Interconectado Nacional que provoc\u00f3 cortes de energ\u00eda en las Provincias del NEA y NOA. En el caso de Formosa, se vio gravemente afectado el Interior Provincial, en tanto, en la Ciudad Capital, en algunos barrios se sintieron fallas, lo que afect\u00f3 [&hellip;]<\/p>\n","protected":false},"author":1,"featured_media":16808,"comment_status":"closed","ping_status":"closed","sticky":false,"template":"","format":"standard","meta":{"footnotes":""},"categories":[1],"tags":[],"class_list":["post-16807","post","type-post","status-publish","format-standard","has-post-thumbnail","hentry","category-noticias"],"_links":{"self":[{"href":"https:\/\/defensoriaformosa.gob.ar\/index.php?rest_route=\/wp\/v2\/posts\/16807","targetHints":{"allow":["GET"]}}],"collection":[{"href":"https:\/\/defensoriaformosa.gob.ar\/index.php?rest_route=\/wp\/v2\/posts"}],"about":[{"href":"https:\/\/defensoriaformosa.gob.ar\/index.php?rest_route=\/wp\/v2\/types\/post"}],"author":[{"embeddable":true,"href":"https:\/\/defensoriaformosa.gob.ar\/index.php?rest_route=\/wp\/v2\/users\/1"}],"replies":[{"embeddable":true,"href":"https:\/\/defensoriaformosa.gob.ar\/index.php?rest_route=%2Fwp%2Fv2%2Fcomments&post=16807"}],"version-history":[{"count":1,"href":"https:\/\/defensoriaformosa.gob.ar\/index.php?rest_route=\/wp\/v2\/posts\/16807\/revisions"}],"predecessor-version":[{"id":16809,"href":"https:\/\/defensoriaformosa.gob.ar\/index.php?rest_route=\/wp\/v2\/posts\/16807\/revisions\/16809"}],"wp:featuredmedia":[{"embeddable":true,"href":"https:\/\/defensoriaformosa.gob.ar\/index.php?rest_route=\/wp\/v2\/media\/16808"}],"wp:attachment":[{"href":"https:\/\/defensoriaformosa.gob.ar\/index.php?rest_route=%2Fwp%2Fv2%2Fmedia&parent=16807"}],"wp:term":[{"taxonomy":"category","embeddable":true,"href":"https:\/\/defensoriaformosa.gob.ar\/index.php?rest_route=%2Fwp%2Fv2%2Fcategories&post=16807"},{"taxonomy":"post_tag","embeddable":true,"href":"https:\/\/defensoriaformosa.gob.ar\/index.php?rest_route=%2Fwp%2Fv2%2Ftags&post=16807"}],"curies":[{"name":"wp","href":"https:\/\/api.w.org\/{rel}","templated":true}]}}