{"id":16798,"date":"2025-11-28T11:23:47","date_gmt":"2025-11-28T14:23:47","guid":{"rendered":"https:\/\/defensoriaformosa.gob.ar\/?p=16798"},"modified":"2025-11-29T11:28:07","modified_gmt":"2025-11-29T14:28:07","slug":"la-justicia-federal-porrogo-por-tres-meses-mas-el-plazo-para-que-las-personas-con-discapacidad-regularicen-y-presenten-sus-historiales-medicos","status":"publish","type":"post","link":"https:\/\/defensoriaformosa.gob.ar\/?p=16798","title":{"rendered":"LA JUSTICIA FEDERAL PRORROGO POR TRES MESES MAS EL PLAZO PARA QUE LAS PERSONAS CON DISCAPACIDAD REGULARICEN Y PRESENTEN SUS HISTORIALES MEDICOS"},"content":{"rendered":"<p><strong>-Gialluca se\u00f1al\u00f3 que, el programa de pensiones, mal llamadas por \u201cinvalidez laboral\u201d es una pol\u00edtica de transferencia de ingresos, destinada a paliar las desigualdades estructurales que enfrentan las personas con discapacidad en Argentina. En septiembre de 2024 se modific\u00f3 el decreto que las regula, cambiando los requisitos para acceder a ellas y previendo nuevas obligaciones para sus beneficiarios (como la de notificar el cambio de domicilio) y nuevas causales de suspensi\u00f3n. Se reinstalaron en esta reforma condiciones que hab\u00edan sido declaradas inconstitucionales por la justicia y se habilit\u00f3 la baja en aquellos casos en los que no se pudiera citar a las personas para evaluar su derecho a percibir esta prestaci\u00f3n debido a inconsistencias en sus domicilios declarados o a causas imputables a ellas, con esto, las Auditor\u00edas tuvieron graves irregularidades que originaron la violaci\u00f3n del derecho de defensa de las personas y llevaron a suspensiones injustas-<\/strong><\/p>\n<p><!--more--><\/p>\n<p>El Defensor del Pueblo de la Provincia de Formosa, Dr. Jos\u00e9 Leonardo Gialluca, dio a conocer un nuevo Fallo dictado esta semana por el Juzgado Federal N\u00ba 2 a cargo de la Dra. Mar\u00eda Bel\u00e9n L\u00f3pez Mac\u00e9, Secretaria de la Dra. Mar\u00eda Lucrecia Gallardo y mediante el cual, se hizo lugar a una petici\u00f3n de, un numeroso grupo de beneficiarios de pensiones no contributivas de nuestra jurisdicci\u00f3n, acompa\u00f1ados por la -Asociaci\u00f3n Civil Camino Azul TEA Formosa-, quienes por distintos motivos a\u00fan no han podido completar todos los estudios y antecedentes m\u00e9dicos que hacen a la justificaci\u00f3n de discapacidades y que contin\u00faan siendo exigidos desde la ANDIS, toda vez que, los turnos de especialistas y otros, se otorgan, con espera de varios meses, sumado a que, en el sector privado, los gastos que demandan los mismos son impagables para este colectivo de personas, requiri\u00e9ndose que vencido el plazo de tres (3) meses otorgados oportunamente, se conceda una pr\u00f3rroga en base a los antecedentes descriptos. De esta manera, con la finalidad de que todas las personas con discapacidad tengan la oportunidad de regularizar la situaci\u00f3n administrativa que corresponda de manera particular y\/o en su caso, efectuar las presentaciones judiciales de manera individual a los fines del correcto an\u00e1lisis y resoluci\u00f3n por la ANDIS, la Justicia Federal resolvi\u00f3 conceder una pr\u00f3rroga de la Medida Cautelar dictada el 19 de agosto de 2025 por el plazo adicional de tres (3) meses.<\/p>\n<p>Todo ello en el entendimiento de que la pr\u00f3rroga de Medidas Cautelares, resulta procedente cuando subsisten los presupuestos que justificaron su dictado, en especial cuando se hayan comprometido derechos sociales esenciales, cuya interrupci\u00f3n podr\u00eda generar un perjuicio irreparable o de muy dif\u00edcil reparaci\u00f3n ulterior, torn\u00e1ndose ilusoria la decisi\u00f3n que se dicte en la sentencia definitiva. Por otra parte, teniendo en consideraci\u00f3n la ausencia de informaci\u00f3n id\u00f3nea que demuestre la superaci\u00f3n del cuadro que motiv\u00f3 la cautelar, hizo procedente que se otorgue la pr\u00f3rroga a fin de evitar la frustraci\u00f3n de los fines que persigue la Acci\u00f3n de Amparo principal, la cual, se encuentra a despacho para el dictado de sentencia. Por \u00faltimo, el Ombudsman Provincial, \u201crechaz\u00f3 en todos sus t\u00e9rminos el descargo notificado a este Organismo de la Constituci\u00f3n, por el -Director de Despliegue Territorial y Acceso a Beneficios- de la ANDIS, Dr. Santiago Nazar Anchorena\u201d, considerando que el Funcionario Nacional, afirma maliciosamente que, las suspensiones o bajas de los beneficios se dieron por la falta de comparecencia de los beneficiarios y que la ANDIS siempre resguard\u00f3 el debido proceso en todo el curso de las Auditor\u00edas M\u00e9dicas, otorgando siempre accesibilidad y un trato digno a las personas, sumado al funcionamiento de la \u201csupuesta Oficina de la ANDIS en Formosa\u201d con la vigencia de canales Institucionales virtuales que el Gobierno Nacional afirman, se encuentran operativos para atender consultas y solicitudes de las personas con discapacidad o sus representantes, manteniendo la cercan\u00eda y el acompa\u00f1amiento permanente. Gialluca rebati\u00f3 cada uno de los puntos notificados, siendo que a nivel pa\u00eds y en nuestra provincia, las personas con discapacidad no fueron notificadas fehacientemente y aquellas que recibieron alguna Carta Documento, se las intimaba a concurrir a ciudades o poblaciones sumamente alejadas de su residencia habitual y en lugares f\u00edsicos, donde no eran atendidos por ning\u00fan profesional de la salud, exigi\u00e9ndoseles en t\u00e9rminos de diez (10) d\u00edas que virtualmente elevaran historias cl\u00ednicas actualizadas, hecho este imposible de cumplir, agrav\u00e1ndose la situaci\u00f3n al intimarse a ciudadanos que tienen CUD (Certificado \u00danico de Discapacidad), o menores de edad, o casos donde la invalidez era indubitable.<\/p>\n<p>Por ello, se solicit\u00f3 a todos aquellos que a\u00fan no hayan cumplido con la presentaci\u00f3n de los antecedentes m\u00e9dicos requeridos por la ANDIS, que hagan uso de esta pr\u00f3rroga y hacer entrega de los mismos ante las Oficinas de la ANSES en nuestra provincia, pudiendo tambi\u00e9n concurrir a la Sede de la Defensor\u00eda del Pueblo ubicada en Padre Pati\u00f1o N\u00ba 831, donde ser\u00e1n asesorados y acompa\u00f1ados debidamente.<\/p>\n","protected":false},"excerpt":{"rendered":"<p>-Gialluca se\u00f1al\u00f3 que, el programa de pensiones, mal llamadas por \u201cinvalidez laboral\u201d es una pol\u00edtica de transferencia de ingresos, destinada a paliar las desigualdades estructurales que enfrentan las personas con discapacidad en Argentina. En septiembre de 2024 se modific\u00f3 el decreto que las regula, cambiando los requisitos para acceder a ellas y previendo nuevas obligaciones [&hellip;]<\/p>\n","protected":false},"author":1,"featured_media":16802,"comment_status":"closed","ping_status":"closed","sticky":false,"template":"","format":"standard","meta":{"footnotes":""},"categories":[1],"tags":[],"class_list":["post-16798","post","type-post","status-publish","format-standard","has-post-thumbnail","hentry","category-noticias"],"_links":{"self":[{"href":"https:\/\/defensoriaformosa.gob.ar\/index.php?rest_route=\/wp\/v2\/posts\/16798","targetHints":{"allow":["GET"]}}],"collection":[{"href":"https:\/\/defensoriaformosa.gob.ar\/index.php?rest_route=\/wp\/v2\/posts"}],"about":[{"href":"https:\/\/defensoriaformosa.gob.ar\/index.php?rest_route=\/wp\/v2\/types\/post"}],"author":[{"embeddable":true,"href":"https:\/\/defensoriaformosa.gob.ar\/index.php?rest_route=\/wp\/v2\/users\/1"}],"replies":[{"embeddable":true,"href":"https:\/\/defensoriaformosa.gob.ar\/index.php?rest_route=%2Fwp%2Fv2%2Fcomments&post=16798"}],"version-history":[{"count":2,"href":"https:\/\/defensoriaformosa.gob.ar\/index.php?rest_route=\/wp\/v2\/posts\/16798\/revisions"}],"predecessor-version":[{"id":16803,"href":"https:\/\/defensoriaformosa.gob.ar\/index.php?rest_route=\/wp\/v2\/posts\/16798\/revisions\/16803"}],"wp:featuredmedia":[{"embeddable":true,"href":"https:\/\/defensoriaformosa.gob.ar\/index.php?rest_route=\/wp\/v2\/media\/16802"}],"wp:attachment":[{"href":"https:\/\/defensoriaformosa.gob.ar\/index.php?rest_route=%2Fwp%2Fv2%2Fmedia&parent=16798"}],"wp:term":[{"taxonomy":"category","embeddable":true,"href":"https:\/\/defensoriaformosa.gob.ar\/index.php?rest_route=%2Fwp%2Fv2%2Fcategories&post=16798"},{"taxonomy":"post_tag","embeddable":true,"href":"https:\/\/defensoriaformosa.gob.ar\/index.php?rest_route=%2Fwp%2Fv2%2Ftags&post=16798"}],"curies":[{"name":"wp","href":"https:\/\/api.w.org\/{rel}","templated":true}]}}