{"id":16788,"date":"2025-11-25T09:39:18","date_gmt":"2025-11-25T12:39:18","guid":{"rendered":"https:\/\/defensoriaformosa.gob.ar\/?p=16788"},"modified":"2025-11-26T09:40:50","modified_gmt":"2025-11-26T12:40:50","slug":"la-participacion-de-argentina-en-la-cop30-fue-intrascendente","status":"publish","type":"post","link":"https:\/\/defensoriaformosa.gob.ar\/?p=16788","title":{"rendered":"LA PARTICIPACI\u00d3N DE ARGENTINA EN LA COP30 FUE INTRASCENDENTE"},"content":{"rendered":"<p><strong>-La Argentina tuvo una posici\u00f3n aislacionista en la COP30 y el Gobierno Nacional ratific\u00f3 de esta manera que, \u201cel cambio clim\u00e1tico y sus implicancias negativas en la poblaci\u00f3n, recursos naturales y dem\u00e1s, no se encuentran dentro de su agenda actual de prioridades\u201d, esto acarrear\u00e1 graves problemas en todas las regiones que conforman el Pa\u00eds. Gialluca sostuvo que, el cambio clim\u00e1tico no podemos ignorarlo, los veranos son mucho m\u00e1s c\u00e1lidos, temperaturas extremas, mosquitos que conviven con el invierno, sequ\u00edas y lluvias torrenciales cada vez m\u00e1s frecuentes, que impactan directamente en las personas, en la econom\u00eda, con el agravante que el 80% considera que el cambio clim\u00e1tico es causado por la actividad humana y solo el 15 % lo atribuye a ciclos naturales-<\/strong><\/p>\n<p><!--more--><\/p>\n<p>Desde el Direcci\u00f3n de Ambiente de la Defensor\u00eda del Pueblo de la Provincia de Formosa, se se\u00f1al\u00f3 que la Delegaci\u00f3n Argentina pas\u00f3 por Bel\u00e9m do Par\u00e1 con una intervenci\u00f3n casi nula y para el olvido Sin NDC (planes o compromisos que hace cada Pa\u00eds, para enfrentar al cambio clim\u00e1tico), ni liderazgo y con un discurso centrado en la soberan\u00eda \u201cpara justificar la falta de ambici\u00f3n clim\u00e1tica\u201d.<\/p>\n<p>El Ombudsman Provincial, Dr. Jos\u00e9 Leonardo Gialluca, se\u00f1al\u00f3 que, nuestro Pa\u00eds tuvo un protagonismo casi nulo durante las dos semanas de negociaciones clim\u00e1ticas de la COP30 en Bel\u00e9m do Par\u00e1, Brasil. No obstante, es un avance si se lo compara con el papel del a\u00f1o pasado, cuando el Poder Ejecutivo Nacional decidi\u00f3 retirar a su delegaci\u00f3n dos d\u00edas antes del inicio de la cumbre en Azerbaiy\u00e1n. Pero en relaci\u00f3n con a\u00f1os anteriores, la presencia del pa\u00eds fue pr\u00e1cticamente intrascendente, salvo contadas intervenciones. Desde la Casa Rosada enviaron a tres representantes: dos t\u00e9cnicos y a Eliana Saissac, directora de Asuntos Ambientales de Canciller\u00eda y \u00fanica figura pol\u00edtica de la delegaci\u00f3n. Ni el secretario de Ambiente y Turismo, Daniel Scioli, ni el subsecretario de Ambiente, Fernando Brom, viajaron a la conferencia. En 2024, la delegaci\u00f3n abandon\u00f3 la COP29 sin explicaciones y, poco despu\u00e9s, el Gobierno evalu\u00f3 retirarse del Acuerdo de Par\u00eds.<\/p>\n<p>Los recortes presupuestarios, la degradaci\u00f3n a Secretar\u00eda del Ministerio de Ambiente y declaraciones del Presidente Javier Milei -quien propuso \u201crevisar la serie hist\u00f3rica\u201d de temperaturas- consolidaron la imagen de un Poder Ejecutivo negacionista. Ante este escenario, el Gobierno Nacional anunci\u00f3 que presentar\u00eda una nueva NDC en la COP30, con un l\u00edmite de 375 millones de toneladas de CO\u2082 equivalente para 2035, frente a los 359 millones fijados para 2030. La m\u00e9trica en CO\u2082 equivalente se utiliza porque integra distintos gases de efecto invernadero -como metano u \u00f3xido nitroso- bajo la misma unidad. Aunque desde el Gobierno Nacional se justific\u00f3 el aumento del l\u00edmite como una \u201cactualizaci\u00f3n metodol\u00f3gica\u201d, especialistas advierten que implica una virtual meseta en la acci\u00f3n clim\u00e1tica. \u201cLa Argentina lleg\u00f3 a Bel\u00e9m sin una hoja de ruta clara y con m\u00e1s retrocesos que avances\u201d. Por otro lado, la delegaci\u00f3n argentina no dialog\u00f3 con la prensa y se expres\u00f3 en las salas de negociaci\u00f3n sobre dos temas centrales. Primero, junto con Paraguay y Rusia, cuestion\u00f3 la perspectiva de g\u00e9nero incluida en un documento espec\u00edfico de la Convenci\u00f3n. \u201cLa Argentina comienza oponi\u00e9ndose a la inclusi\u00f3n de lenguaje de derechos humanos y g\u00e9nero, en l\u00ednea con la pol\u00edtica diplom\u00e1tica de Javier Milei, luego cuestiona las actualizaciones de ambici\u00f3n del Acuerdo de Par\u00eds y critica la Agenda 2030, sugiriendo -de manera incorrecta- que su lenguaje se usa para impulsar la ambici\u00f3n clim\u00e1tica\u201d.<\/p>\n<p>El otro eje del discurso argentino fue la \u201cdefensa de la soberan\u00eda\u201d. No la protecci\u00f3n territorial o ciudadana, sino la soberan\u00eda como argumento para no comprometer reducciones de emisiones. Aunque la NDC no se entreg\u00f3 a la ONU, el Gobierno s\u00ed comunic\u00f3 su nuevo l\u00edmite de emisiones: 375 millones de toneladas de CO\u2082 equivalente en 2035. En el informe anterior, el tope era de 359 millones para 2030, un n\u00famero que deber\u00eda ir bajando. Sin embargo, el nuevo techo se ampl\u00eda y se proyecta cinco a\u00f1os m\u00e1s all\u00e1. Para dimensionar: en 2022, la Argentina emiti\u00f3 401 millones de toneladas, seg\u00fan datos oficiales. El aumento podr\u00eda asociarse con la expansi\u00f3n de sectores altamente emisores. En la Argentina, el principal responsable del calentamiento es el sector energ\u00e9tico (50%), seguido por el agroganadero-forestal (25 a 40%), aunque el pa\u00eds aporta menos del 1% de las emisiones globales, eso no lo exime de compromisos de reducci\u00f3n. En este sentido, el Funcionario Provincial, se\u00f1al\u00f3 que, la pol\u00edtica clim\u00e1tica de nuestro pa\u00eds tiene actualmente caracter\u00edsticas aislacionista y defensiva, que usa la soberan\u00eda como excusa legal y procedimental para cuestionar consensos que incluso la Argentina y otros Pa\u00edses hab\u00edan promovido desde el Acuerdo de Par\u00eds.<\/p>\n","protected":false},"excerpt":{"rendered":"<p>-La Argentina tuvo una posici\u00f3n aislacionista en la COP30 y el Gobierno Nacional ratific\u00f3 de esta manera que, \u201cel cambio clim\u00e1tico y sus implicancias negativas en la poblaci\u00f3n, recursos naturales y dem\u00e1s, no se encuentran dentro de su agenda actual de prioridades\u201d, esto acarrear\u00e1 graves problemas en todas las regiones que conforman el Pa\u00eds. Gialluca [&hellip;]<\/p>\n","protected":false},"author":1,"featured_media":16789,"comment_status":"closed","ping_status":"closed","sticky":false,"template":"","format":"standard","meta":{"footnotes":""},"categories":[1],"tags":[],"class_list":["post-16788","post","type-post","status-publish","format-standard","has-post-thumbnail","hentry","category-noticias"],"_links":{"self":[{"href":"https:\/\/defensoriaformosa.gob.ar\/index.php?rest_route=\/wp\/v2\/posts\/16788","targetHints":{"allow":["GET"]}}],"collection":[{"href":"https:\/\/defensoriaformosa.gob.ar\/index.php?rest_route=\/wp\/v2\/posts"}],"about":[{"href":"https:\/\/defensoriaformosa.gob.ar\/index.php?rest_route=\/wp\/v2\/types\/post"}],"author":[{"embeddable":true,"href":"https:\/\/defensoriaformosa.gob.ar\/index.php?rest_route=\/wp\/v2\/users\/1"}],"replies":[{"embeddable":true,"href":"https:\/\/defensoriaformosa.gob.ar\/index.php?rest_route=%2Fwp%2Fv2%2Fcomments&post=16788"}],"version-history":[{"count":1,"href":"https:\/\/defensoriaformosa.gob.ar\/index.php?rest_route=\/wp\/v2\/posts\/16788\/revisions"}],"predecessor-version":[{"id":16790,"href":"https:\/\/defensoriaformosa.gob.ar\/index.php?rest_route=\/wp\/v2\/posts\/16788\/revisions\/16790"}],"wp:featuredmedia":[{"embeddable":true,"href":"https:\/\/defensoriaformosa.gob.ar\/index.php?rest_route=\/wp\/v2\/media\/16789"}],"wp:attachment":[{"href":"https:\/\/defensoriaformosa.gob.ar\/index.php?rest_route=%2Fwp%2Fv2%2Fmedia&parent=16788"}],"wp:term":[{"taxonomy":"category","embeddable":true,"href":"https:\/\/defensoriaformosa.gob.ar\/index.php?rest_route=%2Fwp%2Fv2%2Fcategories&post=16788"},{"taxonomy":"post_tag","embeddable":true,"href":"https:\/\/defensoriaformosa.gob.ar\/index.php?rest_route=%2Fwp%2Fv2%2Ftags&post=16788"}],"curies":[{"name":"wp","href":"https:\/\/api.w.org\/{rel}","templated":true}]}}