{"id":16779,"date":"2025-11-21T08:38:12","date_gmt":"2025-11-21T11:38:12","guid":{"rendered":"https:\/\/defensoriaformosa.gob.ar\/?p=16779"},"modified":"2025-11-25T08:41:00","modified_gmt":"2025-11-25T11:41:00","slug":"se-insto-al-ministerio-de-salud-de-nacion-y-a-la-secretaria-de-gestion-sanitaria-a-que-envien-las-vacunas-contra-el-covid-19-a-la-provincia","status":"publish","type":"post","link":"https:\/\/defensoriaformosa.gob.ar\/?p=16779","title":{"rendered":"SE INSTO AL MINISTERIO DE SALUD DE NACION Y A LA SECRETARIA DE GESTION SANITARIA A QUE ENVIEN LAS VACUNAS CONTRA EL COVID 19 A LA PROVINCIA"},"content":{"rendered":"<p><strong>-El Gobierno Nacional solo admite que, \u201cuna demora administrativa, impide la distribuci\u00f3n, sin dar ninguna otra explicaci\u00f3n\u201d, mientras Mendoza, Buenos Aires, Misiones y otras Jurisdicciones se encuentran con id\u00e9ntica problem\u00e1tica, \u201centre tanto, el sector de la industria viene se\u00f1alando que la demora se relaciona con el estatus legal que tiene la vacuna Pfizer en el Pa\u00eds, ya que, estar\u00eda en un Registro de Emergencia que obtuvo al comienzo de la pandemia, escenario que ha quedado atr\u00e1s, siendo que en otros pa\u00edses, la misma ya cuenta con su Registro Definitivo-<\/strong><\/p>\n<p><!--more--><\/p>\n<p>Desde la -Direcci\u00f3n de Salud y Medicamentos- de la Defensor\u00eda del Pueblo de la Provincia de Formosa, se Inst\u00f3 al actual Ministro de Salud de la Naci\u00f3n, Dr. Mario Iv\u00e1n Lugones y al Secretaria de Gesti\u00f3n Sanitaria, Dr. Sa\u00fal Flores, \u201cque de manera urgente, adopten todas las medidas necesarias para que se provean las vacunas contra el Covid \u2013 19 a nuestra Provincia, inform\u00e1ndose los motivos por los cuales no se est\u00e1n enviando las mismas\u201d. El Ombudsman Provincial, Dr. Jos\u00e9 Leonardo Gialluca, les se\u00f1al\u00f3 que, el M.D.H. a trav\u00e9s del Jefe del Departamento de Inmunizaciones, Julio Arroyo, hace m\u00e1s de dos meses que vienen haciendo las requisitorias sin obtener ninguna respuesta ni justificaci\u00f3n a esta conducta negligente del Gobierno Nacional. Entre los sectores de la industria al tanto de la situaci\u00f3n, expresaron que la demora estar\u00eda relacionada con el status legal que hoy tiene la vacuna de Pfizer en el pa\u00eds, ya que al parecer contin\u00faa con el mismo registro de emergencia que obtuvo en el comienzo de la pandemia, un escenario epidemiol\u00f3gico que ya ha quedado atr\u00e1s.<\/p>\n<p>En otros pa\u00edses como Estados Unidos, por ejemplo, el f\u00e1rmaco cuenta con su registro definitivo en la FDA desde hace varios a\u00f1os, en argentina, los laboratorios no otorgan una respuesta satisfactoria. Seg\u00fan datos oficiales del Registro Nacional de Vacunaci\u00f3n Nominalizado (Nomivac), en los \u00faltimos tres a\u00f1os (desde comienzos de 2023 hasta el \u00faltimo 10 de noviembre) fueron aplicadas en Argentina 5.847.254 vacunas contra el Covid. El contraste de la demanda a trav\u00e9s del tiempo es elocuente: 3.792.462 dosis administradas en 2023; 1.711.503, en 2024; y apenas 343.289 en 2025. De esa \u00faltima cantidad, en lo que va del presente a\u00f1o fueron aplicadas m\u00e1s dosis de Moderna que de Pfizer: 194.196 y 149.093, respectivamente. A medida que avanz\u00f3 el a\u00f1o, el descenso de aplicaciones de Pfizer qued\u00f3 m\u00e1s en evidencia. Si se toma s\u00f3lo el segundo semestre, fueron 68.155 dosis de Moderna y s\u00f3lo 124 unidades de Pfizer, y en el \u00faltimo mes, 4.670 contra 6. Desde el Organismo de la Constituci\u00f3n, se advirti\u00f3 sobre la reaparici\u00f3n de enfermedades que estaban controladas y reclam\u00f3 mayor presencia del Estado Nacional en Campa\u00f1as de Concientizaci\u00f3n. Se remarc\u00f3 que Argentina enfrenta hoy un brote de tos convulsa y que existe riesgo de reaparici\u00f3n de sarampi\u00f3n, una enfermedad eliminada que volvi\u00f3 a registrarse en otros pa\u00edses. \u201cPara estas enfermedades prevenibles por vacunas, necesitamos tener al menos el 95% de la poblaci\u00f3n objetivo con el esquema al d\u00eda\u201d.<\/p>\n<p>El problema, remarc\u00f3, no es la presencia de un fuerte movimiento antivacunas en el pa\u00eds, sino la reticencia o vacilaci\u00f3n, alimentada por la desinformaci\u00f3n en redes, la ausencia prolongada de ciertos cuadros cl\u00ednicos y un cambio social respecto del rol de las vacunas. \u201cExisten pap\u00e1s j\u00f3venes que nunca vieron sarampi\u00f3n, meningitis o tos convulsa, y justamente no las vieron gracias a las vacunas\u201d. Las causas de la baja vacunaci\u00f3n son m\u00faltiples, pudiendo se\u00f1alarse en algunos casos que muchos padres trabajan durante el horario habitual de los centros de salud, lo que exige estrategias m\u00e1s creativas: vacunaci\u00f3n en espacios p\u00fablicos, operativos barriales, campa\u00f1as en escuelas, clubes deportivos, toda vez que existe una responsabilidad compartida, no solo del ciudadano, sino tambi\u00e9n del Estado en acercar las vacunas. Se record\u00f3 que, aunque la salud es responsabilidad provincial, una pol\u00edtica nacional s\u00f3lida permitir\u00eda coordinar acciones, evitar inequidades y prevenir la circulaci\u00f3n interjurisdiccional de enfermedades, \u201cSi Buenos Aires no vacuna, repercute en Formosa; si Formosa no vacuna, repercute en Corrientes, el problema es nacional\u201d. La propia Secretaria de Salud de Santa Fe, Andrea Uboldi, afirm\u00f3 que, volver a ver sarampi\u00f3n o tos convulsa es un retroceso muy grande\u201d, concluyendo que: \u201cEl desaf\u00edo es proteger a nuestras ni\u00f1as\/os, garantizar su derecho a la salud y evitar que reaparezcan enfermedades que ya no deber\u00edan estar entre nosotros\u201d.<\/p>\n<p>&nbsp;<\/p>\n","protected":false},"excerpt":{"rendered":"<p>-El Gobierno Nacional solo admite que, \u201cuna demora administrativa, impide la distribuci\u00f3n, sin dar ninguna otra explicaci\u00f3n\u201d, mientras Mendoza, Buenos Aires, Misiones y otras Jurisdicciones se encuentran con id\u00e9ntica problem\u00e1tica, \u201centre tanto, el sector de la industria viene se\u00f1alando que la demora se relaciona con el estatus legal que tiene la vacuna Pfizer en el [&hellip;]<\/p>\n","protected":false},"author":1,"featured_media":16780,"comment_status":"closed","ping_status":"closed","sticky":false,"template":"","format":"standard","meta":{"footnotes":""},"categories":[1],"tags":[],"class_list":["post-16779","post","type-post","status-publish","format-standard","has-post-thumbnail","hentry","category-noticias"],"_links":{"self":[{"href":"https:\/\/defensoriaformosa.gob.ar\/index.php?rest_route=\/wp\/v2\/posts\/16779","targetHints":{"allow":["GET"]}}],"collection":[{"href":"https:\/\/defensoriaformosa.gob.ar\/index.php?rest_route=\/wp\/v2\/posts"}],"about":[{"href":"https:\/\/defensoriaformosa.gob.ar\/index.php?rest_route=\/wp\/v2\/types\/post"}],"author":[{"embeddable":true,"href":"https:\/\/defensoriaformosa.gob.ar\/index.php?rest_route=\/wp\/v2\/users\/1"}],"replies":[{"embeddable":true,"href":"https:\/\/defensoriaformosa.gob.ar\/index.php?rest_route=%2Fwp%2Fv2%2Fcomments&post=16779"}],"version-history":[{"count":1,"href":"https:\/\/defensoriaformosa.gob.ar\/index.php?rest_route=\/wp\/v2\/posts\/16779\/revisions"}],"predecessor-version":[{"id":16781,"href":"https:\/\/defensoriaformosa.gob.ar\/index.php?rest_route=\/wp\/v2\/posts\/16779\/revisions\/16781"}],"wp:featuredmedia":[{"embeddable":true,"href":"https:\/\/defensoriaformosa.gob.ar\/index.php?rest_route=\/wp\/v2\/media\/16780"}],"wp:attachment":[{"href":"https:\/\/defensoriaformosa.gob.ar\/index.php?rest_route=%2Fwp%2Fv2%2Fmedia&parent=16779"}],"wp:term":[{"taxonomy":"category","embeddable":true,"href":"https:\/\/defensoriaformosa.gob.ar\/index.php?rest_route=%2Fwp%2Fv2%2Fcategories&post=16779"},{"taxonomy":"post_tag","embeddable":true,"href":"https:\/\/defensoriaformosa.gob.ar\/index.php?rest_route=%2Fwp%2Fv2%2Ftags&post=16779"}],"curies":[{"name":"wp","href":"https:\/\/api.w.org\/{rel}","templated":true}]}}