{"id":16752,"date":"2025-11-12T08:49:59","date_gmt":"2025-11-12T11:49:59","guid":{"rendered":"https:\/\/defensoriaformosa.gob.ar\/?p=16752"},"modified":"2025-11-13T08:51:33","modified_gmt":"2025-11-13T11:51:33","slug":"adpra-eligio-a-sus-nuevas-autoridades-para-el-periodo-2025-2027","status":"publish","type":"post","link":"https:\/\/defensoriaformosa.gob.ar\/?p=16752","title":{"rendered":"ADPRA ELIGI\u00d3 A SUS NUEVAS AUTORIDADES PARA EL PER\u00cdODO 2025-2027"},"content":{"rendered":"<p><strong>Durante el \u00faltimo Plenario del a\u00f1o, las y los integrantes de la Asociaci\u00f3n de Defensores y Defensoras del Pueblo de la Rep\u00fablica Argentina (ADPRA) eligieron las nuevas autoridades que integrar\u00e1n el Consejo Directivo para el per\u00edodo 2025-2027. <\/strong><\/p>\n<p><!--more--><\/p>\n<p>La actividad se llev\u00f3 a cabo los d\u00edas 6 y 7 de noviembre en la localidad de Lan\u00fas y su organizaci\u00f3n estuvo a cargo del Defensor del Pueblo de dicho municipio, Facundo Mancebo.<\/p>\n<p>La Defensora del Pueblo de la Ciudad Aut\u00f3noma de Buenos Aires, Mar\u00eda Rosa Mui\u00f1os, fue reelecta como <strong>Presidenta de la Asociaci\u00f3n. Las Vicepresidencias quedaron a cargo de Jos\u00e9 Leonardo Gialluca, Defensor del Pueblo de la Provincia de Formosa, Mar\u00eda Florencia Pe\u00f1aloza, Defensora del Pueblo de la Provincia de San Juan y Facundo Mancebo, Defensor del Pueblo de Lan\u00fas<\/strong>. Los restantes cargos quedaron integrados de la siguiente manera: Secretaria General, Claudia Bard, Defensora del Pueblo de la Provincia de Chubut; Tesorera, Mar\u00eda Celeste Vouilloud, Defensora del Pueblo de Vicente L\u00f3pez; Protesorero, Walter Martello, Defensor del Pueblo Adjunto de la Provincia de Buenos Aires;\u00a0 Revisor de Cuentas, Adri\u00e1n Maciel, Defensor del Pueblo de Pilar; y Revisora de Cuentas Suplente, Amelia L\u00f3pez Loforte, Defensora de los Derechos de Ni\u00f1as, Ni\u00f1os y Adolescentes de la Provincia de C\u00f3rdoba. La Direcci\u00f3n del Instituto de Formaci\u00f3n y Capacitaci\u00f3n qued\u00f3 a cargo de Paula Lafourcade, Defensora del Pueblo de Tandil.<\/p>\n<p>Para la Representaci\u00f3n Internacional de los provinciales ante la Federaci\u00f3n Iberoamericana del Ombudsperson \u2013 FIO, fue electo Ar\u00edstides Lasarte, Defensor del Pueblo de la Provincia de Santa Fe, y para la representaci\u00f3n de los municipales fue designado Luis Ger, Defensor del Pueblo de la Ciudad de Santiago del Estero. A su vez, los cargos de Consejeros fueron cubiertos por los Defensores y Defensoras Alejandra Mart\u00ednez (Ni\u00f1as, Ni\u00f1os y Adolescentes de la Provincia de Jujuy); Silvia Caprino (La Matanza); Carlos Galoppo (Provincia de C\u00f3rdoba); Mauricio Franco (Resistencia); Luciana B\u00e1rtoli (La Plata); Mariana Minuth (Bariloche); Daniel Escobar Correa (Provincia de Santiago del Estero); Daniel Frangie (R\u00edo Cuarto); Ismael Karim Kanan (Provincia de Tucum\u00e1n); Dalmacio Mera (Provincia de Catamarca); Mar\u00edn P\u00e9rez Morando (Viedma); y Marcelo Lacedonia (General Pueyrred\u00f3n).<\/p>\n<p>&nbsp;<\/p>\n","protected":false},"excerpt":{"rendered":"<p>Durante el \u00faltimo Plenario del a\u00f1o, las y los integrantes de la Asociaci\u00f3n de Defensores y Defensoras del Pueblo de la Rep\u00fablica Argentina (ADPRA) eligieron las nuevas autoridades que integrar\u00e1n el Consejo Directivo para el per\u00edodo 2025-2027.<\/p>\n","protected":false},"author":1,"featured_media":16750,"comment_status":"closed","ping_status":"closed","sticky":false,"template":"","format":"standard","meta":{"footnotes":""},"categories":[1],"tags":[],"class_list":["post-16752","post","type-post","status-publish","format-standard","has-post-thumbnail","hentry","category-noticias"],"_links":{"self":[{"href":"https:\/\/defensoriaformosa.gob.ar\/index.php?rest_route=\/wp\/v2\/posts\/16752","targetHints":{"allow":["GET"]}}],"collection":[{"href":"https:\/\/defensoriaformosa.gob.ar\/index.php?rest_route=\/wp\/v2\/posts"}],"about":[{"href":"https:\/\/defensoriaformosa.gob.ar\/index.php?rest_route=\/wp\/v2\/types\/post"}],"author":[{"embeddable":true,"href":"https:\/\/defensoriaformosa.gob.ar\/index.php?rest_route=\/wp\/v2\/users\/1"}],"replies":[{"embeddable":true,"href":"https:\/\/defensoriaformosa.gob.ar\/index.php?rest_route=%2Fwp%2Fv2%2Fcomments&post=16752"}],"version-history":[{"count":1,"href":"https:\/\/defensoriaformosa.gob.ar\/index.php?rest_route=\/wp\/v2\/posts\/16752\/revisions"}],"predecessor-version":[{"id":16753,"href":"https:\/\/defensoriaformosa.gob.ar\/index.php?rest_route=\/wp\/v2\/posts\/16752\/revisions\/16753"}],"wp:featuredmedia":[{"embeddable":true,"href":"https:\/\/defensoriaformosa.gob.ar\/index.php?rest_route=\/wp\/v2\/media\/16750"}],"wp:attachment":[{"href":"https:\/\/defensoriaformosa.gob.ar\/index.php?rest_route=%2Fwp%2Fv2%2Fmedia&parent=16752"}],"wp:term":[{"taxonomy":"category","embeddable":true,"href":"https:\/\/defensoriaformosa.gob.ar\/index.php?rest_route=%2Fwp%2Fv2%2Fcategories&post=16752"},{"taxonomy":"post_tag","embeddable":true,"href":"https:\/\/defensoriaformosa.gob.ar\/index.php?rest_route=%2Fwp%2Fv2%2Ftags&post=16752"}],"curies":[{"name":"wp","href":"https:\/\/api.w.org\/{rel}","templated":true}]}}