{"id":16748,"date":"2025-11-12T08:46:04","date_gmt":"2025-11-12T11:46:04","guid":{"rendered":"https:\/\/defensoriaformosa.gob.ar\/?p=16748"},"modified":"2025-11-13T08:49:20","modified_gmt":"2025-11-13T11:49:20","slug":"segun-el-indec-la-inflacion-subio-al-24-y-acumula-un-313-interanual","status":"publish","type":"post","link":"https:\/\/defensoriaformosa.gob.ar\/?p=16748","title":{"rendered":"SEG\u00daN EL INDEC LA INFLACI\u00d3N SUBI\u00d3 AL 2,4 % Y ACUMULA UN 31,3% INTERANUAL"},"content":{"rendered":"<p><strong>-El alza del d\u00f3lar incidi\u00f3 en la suba general de precios, siendo los alimentos y bebidas no alcoh\u00f3licas, el rubro con mayor incidencia en la variaci\u00f3n mensual en todas las regiones, menos en la Patagonia donde los servicios b\u00e1sicos lideraron los incrementos. Por otra parte, 7 de cada 10 argentinos creen que los datos de inflaci\u00f3n no reflejan el aumento real de su costo de vida. La desconfianza hacia el Gobierno Nacional y el descreimiento en sus pol\u00edticas econ\u00f3micas, alimentan una sensaci\u00f3n de pesimismo general, en donde la mayor\u00eda \u201centiende que la denominada Clase Alta es la \u00fanica y principal beneficiaria de las actuales medidas econ\u00f3micas y financieras\u201d-<\/strong><\/p>\n<p><!--more--><\/p>\n<p>Desde la Defensor\u00eda del Pueblo de la Provincia de Formosa se\u00f1alaron que, el \u00edndice de precios al consumidor mostr\u00f3 una leve aceleraci\u00f3n respecto de septiembre, impulsado por aumentos en Transporte y Vivienda. El alza del d\u00f3lar incidi\u00f3 en la suba general de los precios. La inflaci\u00f3n alcanz\u00f3 en octubre de 2025 un 2,3%, seg\u00fan el informe difundido por el INDEC, y acumul\u00f3 un aumento del 31,3% en los \u00faltimos doce meses. En lo que va del a\u00f1o, el alza de precios llega al 24,8%, en un contexto de tensi\u00f3n cambiaria y ajustes tarifarios. La divisi\u00f3n que m\u00e1s aument\u00f3 fue Transporte (3,5%), seguida por Vivienda, agua, electricidad, gas y otros combustibles (2,8%). En tanto, Alimentos y bebidas no alcoh\u00f3licas volvi\u00f3 a ser el rubro con mayor incidencia en la variaci\u00f3n mensual, a excepci\u00f3n de la Patagonia, donde el incremento se concentr\u00f3 en servicios b\u00e1sicos. Las menores subas se registraron en Equipamiento y mantenimiento del hogar y Recreaci\u00f3n y cultura, ambas con 1,6%. Por regiones, la Patagonia y el Gran Buenos Aires lideraron los aumentos con un 2,4%, seguidas por Cuyo y la Regi\u00f3n Pampeana (2,1%), Noreste (2,2%) y Noroeste (2,1%). El alza del d\u00f3lar durante octubre fue uno de los factores determinantes del aumento mensual, que marc\u00f3 la cifra m\u00e1s alta desde abril.<\/p>\n<p>De acuerdo con el relevamiento de expectativas del Banco Central, las consultoras privadas prev\u00e9n una leve desaceleraci\u00f3n para los pr\u00f3ximos meses: 1,9% en noviembre y 2% en diciembre. Seg\u00fan esas proyecciones, la inflaci\u00f3n interanual cerrar\u00eda 2025 en torno al 29,6%, en un escenario de persistente presi\u00f3n sobre los precios regulados y los bienes b\u00e1sicos.<\/p>\n<p>&nbsp;<\/p>\n","protected":false},"excerpt":{"rendered":"<p>-El alza del d\u00f3lar incidi\u00f3 en la suba general de precios, siendo los alimentos y bebidas no alcoh\u00f3licas, el rubro con mayor incidencia en la variaci\u00f3n mensual en todas las regiones, menos en la Patagonia donde los servicios b\u00e1sicos lideraron los incrementos. Por otra parte, 7 de cada 10 argentinos creen que los datos de [&hellip;]<\/p>\n","protected":false},"author":1,"featured_media":16749,"comment_status":"closed","ping_status":"closed","sticky":false,"template":"","format":"standard","meta":{"footnotes":""},"categories":[1],"tags":[],"class_list":["post-16748","post","type-post","status-publish","format-standard","has-post-thumbnail","hentry","category-noticias"],"_links":{"self":[{"href":"https:\/\/defensoriaformosa.gob.ar\/index.php?rest_route=\/wp\/v2\/posts\/16748","targetHints":{"allow":["GET"]}}],"collection":[{"href":"https:\/\/defensoriaformosa.gob.ar\/index.php?rest_route=\/wp\/v2\/posts"}],"about":[{"href":"https:\/\/defensoriaformosa.gob.ar\/index.php?rest_route=\/wp\/v2\/types\/post"}],"author":[{"embeddable":true,"href":"https:\/\/defensoriaformosa.gob.ar\/index.php?rest_route=\/wp\/v2\/users\/1"}],"replies":[{"embeddable":true,"href":"https:\/\/defensoriaformosa.gob.ar\/index.php?rest_route=%2Fwp%2Fv2%2Fcomments&post=16748"}],"version-history":[{"count":1,"href":"https:\/\/defensoriaformosa.gob.ar\/index.php?rest_route=\/wp\/v2\/posts\/16748\/revisions"}],"predecessor-version":[{"id":16751,"href":"https:\/\/defensoriaformosa.gob.ar\/index.php?rest_route=\/wp\/v2\/posts\/16748\/revisions\/16751"}],"wp:featuredmedia":[{"embeddable":true,"href":"https:\/\/defensoriaformosa.gob.ar\/index.php?rest_route=\/wp\/v2\/media\/16749"}],"wp:attachment":[{"href":"https:\/\/defensoriaformosa.gob.ar\/index.php?rest_route=%2Fwp%2Fv2%2Fmedia&parent=16748"}],"wp:term":[{"taxonomy":"category","embeddable":true,"href":"https:\/\/defensoriaformosa.gob.ar\/index.php?rest_route=%2Fwp%2Fv2%2Fcategories&post=16748"},{"taxonomy":"post_tag","embeddable":true,"href":"https:\/\/defensoriaformosa.gob.ar\/index.php?rest_route=%2Fwp%2Fv2%2Ftags&post=16748"}],"curies":[{"name":"wp","href":"https:\/\/api.w.org\/{rel}","templated":true}]}}