{"id":16742,"date":"2025-11-11T08:38:35","date_gmt":"2025-11-11T11:38:35","guid":{"rendered":"https:\/\/defensoriaformosa.gob.ar\/?p=16742"},"modified":"2025-11-13T08:40:17","modified_gmt":"2025-11-13T11:40:17","slug":"la-desregulacion-impulsada-por-el-gobierno-nacional-permitira-a-los-colegios-privados-fijar-los-precios-de-las-cuotas-sin-autorizacion","status":"publish","type":"post","link":"https:\/\/defensoriaformosa.gob.ar\/?p=16742","title":{"rendered":"LA DESREGULACION IMPULSADA POR EL GOBIERNO NACIONAL PERMITIRA A LOS COLEGIOS PRIVADOS FIJAR LOS PRECIOS DE LAS CUOTAS SIN AUTORIZACION"},"content":{"rendered":"<p><strong>-Por otra parte, el \u201cPresupuesto Educativo Nacional 2026\u201d, impulsado por el Gobierno Nacional, destinar\u00e1 apenas el 0,75% del Producto Bruto Interno (PBI) al sistema educativo p\u00fablico; el porcentaje equivale a la mitad de lo que el Estado invert\u00eda en 2015 y confirma que la educaci\u00f3n, no constituye una prioridad en la actualidad-<\/strong><\/p>\n<p><!--more--><\/p>\n<p>El Defensor del Pueblo de la Provincia de Formosa, Dr. Jos\u00e9 Leonardo Gialluca, se\u00f1al\u00f3 que, en los \u00faltimos dos a\u00f1os se produjo a nivel pa\u00eds y tambi\u00e9n en nuestra provincia, una fuerte migraci\u00f3n de alumnos de escuelas privadas a escuelas p\u00fablicas, cifra que no se ve\u00eda desde la crisis del 2001. Esta situaci\u00f3n, se agrava particularmente para todos aquellos centros educativos que reciben ni\u00f1as\/os con discapacidad y que por la reducci\u00f3n de los aportes de las obras sociales y la falta de apoyo del Gobierno Nacional para con los padres, se encuentran desde hace tiempo con graves inconvenientes. Seg\u00fan el informe \u201cPresupuesto educativo nacional 2026\u201d elaborado por Argentinos por la Educaci\u00f3n, el Gobierno de Javier Milei destinar\u00e1 apenas el 0,75% del Producto Bruto Interno (PBI) al sistema educativo. El porcentaje equivale a la mitad de lo que el Estado invert\u00eda en 2015 y confirma una tendencia de ca\u00edda impuesta por el Estado Nacional. Adem\u00e1s, el Ejecutivo impulsa la eliminaci\u00f3n del art\u00edculo 9 de la Ley de Educaci\u00f3n Nacional, que desde 2006 fijaba como meta una inversi\u00f3n m\u00ednima del 6% del PBI entre Naci\u00f3n y provincias. La iniciativa genera preocupaci\u00f3n entre especialistas y docentes, que advierten que suprimir ese piso legal dejar\u00eda a la educaci\u00f3n a\u00fan m\u00e1s expuesta al ajuste. El informe advierte que el gasto nacional representa apenas un cuarto del presupuesto educativo p\u00fablico, mientras que el resto depende de las provincias.<\/p>\n<p>El ajuste proyectado para 2026 consolida as\u00ed un modelo que reduce al m\u00ednimo la presencia del Estado en la educaci\u00f3n, en un pa\u00eds donde los docentes y los alumnos siguen esperando un compromiso federal que devuelva a la escuela p\u00fablica el lugar que alguna vez tuvo. El Funcionario Provincial, por otra parte, se\u00f1al\u00f3 que, a esto se suma la decisi\u00f3n del Gobierno Nacional, de desregular los aranceles de los colegios privados. La medida establece que los establecimientos podr\u00e1n fijar libremente los precios de las cuotas y matr\u00edculas sin autorizaci\u00f3n previa del Estado, decisi\u00f3n oficializada a trav\u00e9s del Decreto N\u00ba 787, publicado este martes en el Bolet\u00edn Oficial. El sistema que derog\u00f3 el Ejecutivo Nacional fue instaurado hace 30 a\u00f1os y la administraci\u00f3n de los aranceles de las entidades de educaci\u00f3n privada depend\u00eda del Gobierno. Seg\u00fan las autoridades, el anterior sistema que fijaba los valores de las cuotas de los colegios privados que deb\u00eda contar con la autorizaci\u00f3n del Estado \u201cpuede llevar a una precarizaci\u00f3n de la calidad educativa, dado que los establecimientos no pueden responder adecuadamente a las variaciones en los costos de insumos, salarios y otros gastos operativos\u201d.<\/p>\n<p>En el mismo decreto, el Ejecutivo instruy\u00f3 al Ministerio de Capital Humano y a la Secretar\u00eda de Educaci\u00f3n a revisar el Decreto N\u00ba 2542\/1991, que fija las pautas de financiamiento de la educaci\u00f3n privada, el objetivo ser\u00e1 adaptar el sistema a la nueva pol\u00edtica de libre determinaci\u00f3n de precios y establecer criterios actualizados de funcionamiento.<\/p>\n","protected":false},"excerpt":{"rendered":"<p>-Por otra parte, el \u201cPresupuesto Educativo Nacional 2026\u201d, impulsado por el Gobierno Nacional, destinar\u00e1 apenas el 0,75% del Producto Bruto Interno (PBI) al sistema educativo p\u00fablico; el porcentaje equivale a la mitad de lo que el Estado invert\u00eda en 2015 y confirma que la educaci\u00f3n, no constituye una prioridad en la actualidad-<\/p>\n","protected":false},"author":1,"featured_media":16743,"comment_status":"closed","ping_status":"closed","sticky":false,"template":"","format":"standard","meta":{"footnotes":""},"categories":[1],"tags":[],"class_list":["post-16742","post","type-post","status-publish","format-standard","has-post-thumbnail","hentry","category-noticias"],"_links":{"self":[{"href":"https:\/\/defensoriaformosa.gob.ar\/index.php?rest_route=\/wp\/v2\/posts\/16742","targetHints":{"allow":["GET"]}}],"collection":[{"href":"https:\/\/defensoriaformosa.gob.ar\/index.php?rest_route=\/wp\/v2\/posts"}],"about":[{"href":"https:\/\/defensoriaformosa.gob.ar\/index.php?rest_route=\/wp\/v2\/types\/post"}],"author":[{"embeddable":true,"href":"https:\/\/defensoriaformosa.gob.ar\/index.php?rest_route=\/wp\/v2\/users\/1"}],"replies":[{"embeddable":true,"href":"https:\/\/defensoriaformosa.gob.ar\/index.php?rest_route=%2Fwp%2Fv2%2Fcomments&post=16742"}],"version-history":[{"count":1,"href":"https:\/\/defensoriaformosa.gob.ar\/index.php?rest_route=\/wp\/v2\/posts\/16742\/revisions"}],"predecessor-version":[{"id":16744,"href":"https:\/\/defensoriaformosa.gob.ar\/index.php?rest_route=\/wp\/v2\/posts\/16742\/revisions\/16744"}],"wp:featuredmedia":[{"embeddable":true,"href":"https:\/\/defensoriaformosa.gob.ar\/index.php?rest_route=\/wp\/v2\/media\/16743"}],"wp:attachment":[{"href":"https:\/\/defensoriaformosa.gob.ar\/index.php?rest_route=%2Fwp%2Fv2%2Fmedia&parent=16742"}],"wp:term":[{"taxonomy":"category","embeddable":true,"href":"https:\/\/defensoriaformosa.gob.ar\/index.php?rest_route=%2Fwp%2Fv2%2Fcategories&post=16742"},{"taxonomy":"post_tag","embeddable":true,"href":"https:\/\/defensoriaformosa.gob.ar\/index.php?rest_route=%2Fwp%2Fv2%2Ftags&post=16742"}],"curies":[{"name":"wp","href":"https:\/\/api.w.org\/{rel}","templated":true}]}}