{"id":16722,"date":"2025-11-04T09:52:29","date_gmt":"2025-11-04T12:52:29","guid":{"rendered":"https:\/\/defensoriaformosa.gob.ar\/?p=16722"},"modified":"2025-11-05T09:54:20","modified_gmt":"2025-11-05T12:54:20","slug":"confirmo-la-defensoria-que-la-secretaria-de-energia-de-la-nacion-fijo-nuevos-aumentos-de-tarifas-aplicables-desde-este-mes","status":"publish","type":"post","link":"https:\/\/defensoriaformosa.gob.ar\/?p=16722","title":{"rendered":"CONFIRM\u00d3 LA DEFENSOR\u00cdA QUE LA SECRETAR\u00cdA DE ENERG\u00cdA DE LA NACI\u00d3N FIJO NUEVOS AUMENTOS DE TARIFAS APLICABLES DESDE ESTE MES"},"content":{"rendered":"<p><strong>-El Ministerio de Econom\u00eda de Naci\u00f3n autoriz\u00f3 en relaci\u00f3n a la energ\u00eda el\u00e9ctrica que el Precio Estacional se incrementar\u00e1 en un 3,5 % y el Precio Estacional del Transporte para TRANSNEA 8,48 %, todo lo cual, impactar\u00e1 en las facturaciones de las Distribuidoras del NEA. Con estos aumentos, el Gobierno Nacional \u201cest\u00e1 atando los precios de la energ\u00eda el\u00e9ctrica al d\u00f3lar, favoreciendo a las empresas generadoras y transportistas, lo cual, agravar\u00e1 las desigualdades y multiplicar\u00e1 las deudas familiares\u201d. Gialluca afirm\u00f3 que, la excusa de \u201cregularizar\u201d el mercado, el Estado Nacional, contin\u00faa liberando los costos de las tarifas, \u201cque ya no se calculan en pesos, sino en funci\u00f3n del d\u00f3lar, antes eran un reflejo del consumo de los usuarios, ahora se convirtieron las facturas en un espejo del tipo de cambio\u201d. Ahora la energ\u00eda se transforma en un bien de lujo, inaccesible para millones de usuarios, que ya sufren la inflaci\u00f3n y la p\u00e9rdida del poder adquisitivo de los salarios-<\/strong><\/p>\n<p><!--more--><\/p>\n<p>El Defensor del Pueblo de la Provincia, Jos\u00e9 Leonardo Gialluca, confirm\u00f3 que, trav\u00e9s de la publicaci\u00f3n de una serie de resoluciones en el Bolet\u00edn Oficial, el\u00a0Ente Nacional Regulador de la Electricidad (ENRE)\u00a0oficializ\u00f3 un nuevo esquema tarifario para la energ\u00eda el\u00e9ctrica que trae aparejados nuevos aumentos para los usuarios residenciales. La medida responde a la instrucci\u00f3n de la\u00a0Secretar\u00eda de Energ\u00eda, dependiente del\u00a0Ministerio de Econom\u00eda de la Naci\u00f3n, la cual funda el aumento en la necesidad de continuar con la actualizaci\u00f3n de los precios relativos a los servicios, en el marco de la emergencia energ\u00e9tica y econ\u00f3mica que se mantiene desde diciembre de 2023. El nuevo cuadro tarifario se compondr\u00e1 de varios \u00edtems: como el\u00a0Precio de Referencia de la Potencia (POTREF), el\u00a0Precio Estabilizado de la Energ\u00eda (PEE)\u00a0y el\u00a0Precio Estacional de Transporte (PET), todos definidos por la\u00a0Secretar\u00eda de Energ\u00eda\u00a0para el per\u00edodo Noviembre 2025-Abril 2026. El funcionario inform\u00f3, por otro lado, que la segmentaci\u00f3n de usuarios residenciales se mantendr\u00e1 con tres niveles:\u00a0Nivel 1\u00a0(sin subsidio),\u00a0Nivel 2\u00a0(menores ingresos subsidiado hasta 350 kw\/mes) y\u00a0Nivel 3\u00a0(ingresos medios subsidiados hasta 250 kw\/mes).<\/p>\n<p>El ENRE, remarc\u00f3, tambi\u00e9n aprob\u00f3 tarifas espec\u00edficas para los\u00a0Clubes de Barrios y de Pueblo, que figuran en el listado del\u00a0Ministerio de Turismo y Deportes, y para las\u00a0Entidades de Bien P\u00fablico que anteriormente eran \u00edntegramente subsidiadas. A trav\u00e9s de la resoluci\u00f3n 434\/2025 se fij\u00f3 el Precio Estacional de Verano, que estar\u00e1 vigente desde el 1 de noviembre de 2025 hasta el 30 de abril de 2026. En este esquema,\u00a0la demanda de los hogares aumentar\u00e1 un 3,45%\u00a0respecto a octubre. Sin embargo,\u00a0los principales beneficiarios ser\u00e1n las grandes industrias (Grandes Usuarios), que abonar\u00e1n un 11% menos que los consumos domiciliarios.<\/p>\n<p>Sobre este particular, el Ombusdman Provincial sostuvo: \u201cLo advertimos en la Audiencia P\u00fablica de Abril de este a\u00f1o, en la cual los intereses de los usuarios de Formosa, solo estaban representados por la Defensor\u00eda del Pueblo, como organismo estatal provincial, que el Estado Nacional autorizar\u00e1 nuevos incrementos en el costo de la energ\u00eda de los hogares, los cuales no son acordes con el aumento de los salarios, por lo tanto cada aumento de un bien o servicio que no est\u00e9 en sinton\u00eda con el alza de la capacidad de pago de los usuarios, implica una depreciaci\u00f3n de su nivel econ\u00f3mico, traducido esto al lenguaje com\u00fan, con este tipo de medidas, los asalariados se vuelven cada vez m\u00e1s pobres. Dentro de un esquema de tarifas, a nivel nacional, que aument\u00f3 la energ\u00eda en m\u00e1s de un 500 %, en menos de dos a\u00f1os, para algunos sectores, lo cual fue determinante, conjuntamente con otros servicios y la suba en los productos de la Canasta B\u00e1sica, en general, para que hoy el argentino sea 32% m\u00e1s pobre que en noviembre de 2023.<\/p>\n<p>Es por ello que, aparentemente en vano, termin\u00f3 diciendo el funcionario, solicitamos a la Secretar\u00eda de Energ\u00eda de la Naci\u00f3n, que se ponga racionalidad con este tipo de medidas, pues si la gente pierde poder adquisitivo, se consume menos, con ello se frena el comercio y la industria que es lo que viene sucediendo desde hace 22 meses consecutivos y se convive en un marco de recesi\u00f3n.\u201d<\/p>\n","protected":false},"excerpt":{"rendered":"<p>-El Ministerio de Econom\u00eda de Naci\u00f3n autoriz\u00f3 en relaci\u00f3n a la energ\u00eda el\u00e9ctrica que el Precio Estacional se incrementar\u00e1 en un 3,5 % y el Precio Estacional del Transporte para TRANSNEA 8,48 %, todo lo cual, impactar\u00e1 en las facturaciones de las Distribuidoras del NEA. Con estos aumentos, el Gobierno Nacional \u201cest\u00e1 atando los precios [&hellip;]<\/p>\n","protected":false},"author":1,"featured_media":16723,"comment_status":"closed","ping_status":"closed","sticky":false,"template":"","format":"standard","meta":{"footnotes":""},"categories":[1],"tags":[],"class_list":["post-16722","post","type-post","status-publish","format-standard","has-post-thumbnail","hentry","category-noticias"],"_links":{"self":[{"href":"https:\/\/defensoriaformosa.gob.ar\/index.php?rest_route=\/wp\/v2\/posts\/16722","targetHints":{"allow":["GET"]}}],"collection":[{"href":"https:\/\/defensoriaformosa.gob.ar\/index.php?rest_route=\/wp\/v2\/posts"}],"about":[{"href":"https:\/\/defensoriaformosa.gob.ar\/index.php?rest_route=\/wp\/v2\/types\/post"}],"author":[{"embeddable":true,"href":"https:\/\/defensoriaformosa.gob.ar\/index.php?rest_route=\/wp\/v2\/users\/1"}],"replies":[{"embeddable":true,"href":"https:\/\/defensoriaformosa.gob.ar\/index.php?rest_route=%2Fwp%2Fv2%2Fcomments&post=16722"}],"version-history":[{"count":1,"href":"https:\/\/defensoriaformosa.gob.ar\/index.php?rest_route=\/wp\/v2\/posts\/16722\/revisions"}],"predecessor-version":[{"id":16724,"href":"https:\/\/defensoriaformosa.gob.ar\/index.php?rest_route=\/wp\/v2\/posts\/16722\/revisions\/16724"}],"wp:featuredmedia":[{"embeddable":true,"href":"https:\/\/defensoriaformosa.gob.ar\/index.php?rest_route=\/wp\/v2\/media\/16723"}],"wp:attachment":[{"href":"https:\/\/defensoriaformosa.gob.ar\/index.php?rest_route=%2Fwp%2Fv2%2Fmedia&parent=16722"}],"wp:term":[{"taxonomy":"category","embeddable":true,"href":"https:\/\/defensoriaformosa.gob.ar\/index.php?rest_route=%2Fwp%2Fv2%2Fcategories&post=16722"},{"taxonomy":"post_tag","embeddable":true,"href":"https:\/\/defensoriaformosa.gob.ar\/index.php?rest_route=%2Fwp%2Fv2%2Ftags&post=16722"}],"curies":[{"name":"wp","href":"https:\/\/api.w.org\/{rel}","templated":true}]}}