{"id":16713,"date":"2025-10-30T22:56:42","date_gmt":"2025-10-31T01:56:42","guid":{"rendered":"https:\/\/defensoriaformosa.gob.ar\/?p=16713"},"modified":"2025-10-30T22:56:42","modified_gmt":"2025-10-31T01:56:42","slug":"denuncian-que-el-presupuesto-2026-reduce-la-participacion-de-educacion-y-cultura-en-un-075-del-pbi-la-mas-baja-en-diez-anos","status":"publish","type":"post","link":"https:\/\/defensoriaformosa.gob.ar\/?p=16713","title":{"rendered":"DENUNCIAN QUE EL PRESUPUESTO 2026 REDUCE LA PARTICIPACION DE EDUCACION Y CULTURA EN UN 0,75% DEL PBI, LA MAS BAJA EN DIEZ A\u00d1OS"},"content":{"rendered":"<p><strong>-De aprobarse por el Congreso de la Naci\u00f3n esta desinversi\u00f3n, se provocar\u00e1 una destrucci\u00f3n educativa, en la cual, el Gobierno Nacional asume solo el 25% del gasto educativo, mientras que el 75% restante quedar\u00e1 en manos de las Provincias-<\/strong><\/p>\n<p><!--more--><\/p>\n<p>La -Direcci\u00f3n de Educaci\u00f3n- de la Defensor\u00eda del Pueblo de la Provincia de Formosa, ante el Proyecto de Presupuesto 2026 enviado por el Gobierno Nacional de Javier Milei al Congreso, \u201cel cual, en el rubro -Educaci\u00f3n y Cultura-, se reduce en una participaci\u00f3n del 0,75% del PBI, la m\u00e1s baja en una d\u00e9cada, representando un fuerte ajuste y retroceso hist\u00f3rico\u201d, solicit\u00f3 formalmente tanto a la Presidenta del Senado, Victoria Villaruel, como as\u00ed tambi\u00e9n, al Presidente de la C\u00e1mara de Diputados, Mart\u00edn Menem y a los Presidentes de la Comisi\u00f3n Unicameral de Educaci\u00f3n y Cultura del Senado, Eduardo Enrique de Pedro y a Finocchiaro, Alejandro a cargo de la Comisi\u00f3n Permanente de Educaci\u00f3n de la C\u00e1mara de Diputados de la Naci\u00f3n, \u201crequiri\u00f3, se rechace el mismo, toda vez que el Proyecto contempla la derogaci\u00f3n del art. 9 de la Ley de Educaci\u00f3n Nacional, que fijaba un compromiso del 6% del PBI para la educaci\u00f3n, considerando Naci\u00f3n y Provincia\u201d.<\/p>\n<p>El Ombudsman Provincial, Dr. Jos\u00e9 Leonardo Gialluca, denunci\u00f3 que, con esto la educaci\u00f3n del pa\u00eds pasa de tener un piso legal m\u00ednimo a depender exclusivamente de la discrecionalidad presupuestaria, agrav\u00e1ndose en el hecho de que el 25% del gasto educativo p\u00fablico es asumido por la naci\u00f3n, mientras que el 75% restante queda en manos de las provincias. Por otra parte, si bien se establece, \u201cun aumento nominal del 17,9% para el 2026 respecto del 2025, ese incremento equivale a apenas un 3,6% real si se toma la inflaci\u00f3n oficial estimada, -pero con la inflaci\u00f3n del Relevamiento de Expectativas de Mercado (REM), el crecimiento real ser\u00e1 pr\u00e1cticamente nulo\u201d.<\/p>\n<p>Gialluca alert\u00f3 que esta desinversi\u00f3n provocar\u00e1 una \u201cdestrucci\u00f3n educativa\u201d similar a la vivida en los a\u00f1os 90, dejando a las provincias sin recursos para pagar los salarios docentes e impactando gravemente en:<br \/>\n* Infraestructura escolar: \u2013 84,4%.<br \/>\n* Formaci\u00f3n docente (INFoD): \u201371,2%.<br \/>\n* Educaci\u00f3n t\u00e9cnica (INET): \u2013 84,5%.<br \/>\n* Eliminaci\u00f3n del FONID (Fondo Nacional de Incentivo Docente).<br \/>\n*Becas estudiantiles: millones de estudiantes sin apoyo; siendo evidente que el objetivo final del ajuste es \u201cla privatizaci\u00f3n de la educaci\u00f3n p\u00fablica\u201d y por ello, denunciamos que la educaci\u00f3n no puede ser la variable de ajuste, toda vez que se congela el piso salarial nacional, se elimina el FONID y se incumple con la Ley de Financiamiento Educativo.<\/p>\n<p>Este ajuste afirm\u00f3 el Funcionario Provincial, profundizar\u00e1 las desigualdades ya existentes, para la educaci\u00f3n obligatoria, -inicial, primaria, secundaria- y los programas de alfabetizaci\u00f3n, la situaci\u00f3n se complica m\u00e1s porque existir\u00e1 menos infraestructura, menos equipamiento, menos formaci\u00f3n docente y m\u00e1s jornadas extendidas.<\/p>\n","protected":false},"excerpt":{"rendered":"<p>-De aprobarse por el Congreso de la Naci\u00f3n esta desinversi\u00f3n, se provocar\u00e1 una destrucci\u00f3n educativa, en la cual, el Gobierno Nacional asume solo el 25% del gasto educativo, mientras que el 75% restante quedar\u00e1 en manos de las Provincias-<\/p>\n","protected":false},"author":1,"featured_media":16714,"comment_status":"closed","ping_status":"closed","sticky":false,"template":"","format":"standard","meta":{"footnotes":""},"categories":[1],"tags":[],"class_list":["post-16713","post","type-post","status-publish","format-standard","has-post-thumbnail","hentry","category-noticias"],"_links":{"self":[{"href":"https:\/\/defensoriaformosa.gob.ar\/index.php?rest_route=\/wp\/v2\/posts\/16713","targetHints":{"allow":["GET"]}}],"collection":[{"href":"https:\/\/defensoriaformosa.gob.ar\/index.php?rest_route=\/wp\/v2\/posts"}],"about":[{"href":"https:\/\/defensoriaformosa.gob.ar\/index.php?rest_route=\/wp\/v2\/types\/post"}],"author":[{"embeddable":true,"href":"https:\/\/defensoriaformosa.gob.ar\/index.php?rest_route=\/wp\/v2\/users\/1"}],"replies":[{"embeddable":true,"href":"https:\/\/defensoriaformosa.gob.ar\/index.php?rest_route=%2Fwp%2Fv2%2Fcomments&post=16713"}],"version-history":[{"count":1,"href":"https:\/\/defensoriaformosa.gob.ar\/index.php?rest_route=\/wp\/v2\/posts\/16713\/revisions"}],"predecessor-version":[{"id":16715,"href":"https:\/\/defensoriaformosa.gob.ar\/index.php?rest_route=\/wp\/v2\/posts\/16713\/revisions\/16715"}],"wp:featuredmedia":[{"embeddable":true,"href":"https:\/\/defensoriaformosa.gob.ar\/index.php?rest_route=\/wp\/v2\/media\/16714"}],"wp:attachment":[{"href":"https:\/\/defensoriaformosa.gob.ar\/index.php?rest_route=%2Fwp%2Fv2%2Fmedia&parent=16713"}],"wp:term":[{"taxonomy":"category","embeddable":true,"href":"https:\/\/defensoriaformosa.gob.ar\/index.php?rest_route=%2Fwp%2Fv2%2Fcategories&post=16713"},{"taxonomy":"post_tag","embeddable":true,"href":"https:\/\/defensoriaformosa.gob.ar\/index.php?rest_route=%2Fwp%2Fv2%2Ftags&post=16713"}],"curies":[{"name":"wp","href":"https:\/\/api.w.org\/{rel}","templated":true}]}}