{"id":16710,"date":"2025-10-29T16:10:32","date_gmt":"2025-10-29T19:10:32","guid":{"rendered":"https:\/\/defensoriaformosa.gob.ar\/?p=16710"},"modified":"2025-10-29T16:10:32","modified_gmt":"2025-10-29T19:10:32","slug":"afirmo-la-defensoria-que-la-camara-de-comercio-de-estados-unidos-en-argentina-impulsa-la-flexibilizacion-laboral-reduciendo-costos-para-las-empresas","status":"publish","type":"post","link":"https:\/\/defensoriaformosa.gob.ar\/?p=16710","title":{"rendered":"AFIRMO LA DEFENSORIA QUE LA CAMARA DE COMERCIO DE ESTADOS UNIDOS EN ARGENTINA IMPULSA LA FLEXIBILIZACION LABORAL, REDUCIENDO COSTOS PARA LAS EMPRESAS"},"content":{"rendered":"<p><strong>-Desde el Gobierno Nacional, se afirma que esta iniciativa busca promover las inversiones y la creaci\u00f3n de empleo formal, pero en realidad, en los hechos, su finalidad es profundizar la transferencia de recursos p\u00fablicos hacia las patronales y consolidar un esquema laboral basado en la precarizaci\u00f3n y la p\u00e9rdida de derechos. A partir de la asunci\u00f3n de Javier Milei, m\u00e1s de 18 mil empresas cerraron y se perdieron m\u00e1s de 250 mil empleos, lo que implica 30 empresas y 416 puestos de empleos por d\u00eda-<\/strong><\/p>\n<p><!--more--><\/p>\n<p>El Defensor del Pueblo de la Provincia de Formosa, Dr. Jos\u00e9 Leonardo Gialluca, afirm\u00f3 que, la -C\u00e1mara de Comercio de Estados Unidos en Argentina-, impulsa la llamada -Ley de Promoci\u00f3n de Inversiones y Empleo-, bajo las recomendaciones del FMI y los grandes grupos empresarios nacionales, que junto al Gobierno Nacional de Javier Milei, han presentado un Proyecto de Ley a trav\u00e9s de la Diputada por Santa Fe, Romina Diez, el cual, \u201capunta a desmantelar la Legislaci\u00f3n Laboral Argentina, siguiendo los lineamientos de la Ley Bases y del Programa de Desregulaci\u00f3n Total impulsado por el Gobierno Nacional, quienes buscan, abaratar despidos, debilitar convenios y ampliar el poder patronal sobre las condiciones de trabajo\u201d.<\/p>\n<p>Las firmas estadounidenses expresaron que \u201cen ese camino, resulta esencial conformar un marco normativo que brinde previsibilidad, fomente la inversi\u00f3n y genere las condiciones necesarias para que las empresas puedan producir, innovar y generar empleos de calidad\u201d.<\/p>\n<p>En este sentido, la flexibilizaci\u00f3n laboral que propone el gobierno de Javier Milei incluye, entre otras cosas: * Jornada laboral de 12 horas con un tope de 60 horas semanales. * Creaci\u00f3n de un \u201cbanco de horas\u201d: las eventuales horas extras por encima de las 12 se compensan o \u201cpagan\u201d con horas libres de trabajo. * Eliminaci\u00f3n de las indemnizaciones por despido con o sin causa, siendo reemplazadas por un fondo de cese laboral al que aportan tanto empleados y empleadores. * Imposibilidad de realizar juicios laborales, incluyendo los motivados por abuso patronal. * Eliminaci\u00f3n de los Convenios Colectivos de Trabajo. * Contratos individuales entre partes suscritos en cualquier moneda. * Fechas y per\u00edodos de vacaciones a merced del empleador: decide cu\u00e1ndo otorgarlas e incluso puede fraccionarlas.<\/p>\n<p>El Funcionario Provincial, afirm\u00f3 que, se trata de una iniciativa que apunta a eliminar, lisa y llanamente, derechos largamente conquistados por los trabajadores y por eso, denunciamos que lo que se pretende es una legislaci\u00f3n hecha a medida del capital, reproduciendo las recetas del FMI y las pol\u00edticas de flexibilizaci\u00f3n de los a\u00f1os 90 en Argentina. Ante este contexto, va a ser fundamental la labor del Congreso de la Naci\u00f3n a trav\u00e9s de su acci\u00f3n legislativa y control de los DNU, como as\u00ed tambi\u00e9n, el compromiso y actitud de los sectores gremiales y tambi\u00e9n del Poder Judicial que podr\u00eda declarar la inconstitucionalidad de normas que eliminen derechos laborales y prioricen \u00fanicamente las necesidades de las empresas. En este punto, es necesario decir que, \u201cdesde el Gobierno Nacional, se afirma que esta iniciativa busca promover las inversiones y la creaci\u00f3n de empleo formal, pero en realidad, en los hechos, su finalidad es profundizar la transferencia de recursos p\u00fablicos hacia las patronales y consolidar un esquema laboral basado en la precarizaci\u00f3n y la p\u00e9rdida de derechos\u201d.<\/p>\n","protected":false},"excerpt":{"rendered":"<p>-Desde el Gobierno Nacional, se afirma que esta iniciativa busca promover las inversiones y la creaci\u00f3n de empleo formal, pero en realidad, en los hechos, su finalidad es profundizar la transferencia de recursos p\u00fablicos hacia las patronales y consolidar un esquema laboral basado en la precarizaci\u00f3n y la p\u00e9rdida de derechos. A partir de la [&hellip;]<\/p>\n","protected":false},"author":1,"featured_media":16711,"comment_status":"closed","ping_status":"closed","sticky":false,"template":"","format":"standard","meta":{"footnotes":""},"categories":[1],"tags":[],"class_list":["post-16710","post","type-post","status-publish","format-standard","has-post-thumbnail","hentry","category-noticias"],"_links":{"self":[{"href":"https:\/\/defensoriaformosa.gob.ar\/index.php?rest_route=\/wp\/v2\/posts\/16710","targetHints":{"allow":["GET"]}}],"collection":[{"href":"https:\/\/defensoriaformosa.gob.ar\/index.php?rest_route=\/wp\/v2\/posts"}],"about":[{"href":"https:\/\/defensoriaformosa.gob.ar\/index.php?rest_route=\/wp\/v2\/types\/post"}],"author":[{"embeddable":true,"href":"https:\/\/defensoriaformosa.gob.ar\/index.php?rest_route=\/wp\/v2\/users\/1"}],"replies":[{"embeddable":true,"href":"https:\/\/defensoriaformosa.gob.ar\/index.php?rest_route=%2Fwp%2Fv2%2Fcomments&post=16710"}],"version-history":[{"count":1,"href":"https:\/\/defensoriaformosa.gob.ar\/index.php?rest_route=\/wp\/v2\/posts\/16710\/revisions"}],"predecessor-version":[{"id":16712,"href":"https:\/\/defensoriaformosa.gob.ar\/index.php?rest_route=\/wp\/v2\/posts\/16710\/revisions\/16712"}],"wp:featuredmedia":[{"embeddable":true,"href":"https:\/\/defensoriaformosa.gob.ar\/index.php?rest_route=\/wp\/v2\/media\/16711"}],"wp:attachment":[{"href":"https:\/\/defensoriaformosa.gob.ar\/index.php?rest_route=%2Fwp%2Fv2%2Fmedia&parent=16710"}],"wp:term":[{"taxonomy":"category","embeddable":true,"href":"https:\/\/defensoriaformosa.gob.ar\/index.php?rest_route=%2Fwp%2Fv2%2Fcategories&post=16710"},{"taxonomy":"post_tag","embeddable":true,"href":"https:\/\/defensoriaformosa.gob.ar\/index.php?rest_route=%2Fwp%2Fv2%2Ftags&post=16710"}],"curies":[{"name":"wp","href":"https:\/\/api.w.org\/{rel}","templated":true}]}}