{"id":16679,"date":"2025-10-23T18:25:55","date_gmt":"2025-10-23T21:25:55","guid":{"rendered":"https:\/\/defensoriaformosa.gob.ar\/?p=16679"},"modified":"2025-10-23T18:25:55","modified_gmt":"2025-10-23T21:25:55","slug":"ante-incumplimiento-de-orden-judicial-se-solicitaron-sanciones-economicas-contra-vialidad-nacional-y-se-denuncio-por-incumplimiento-de-deberes-de-funcionario-publico-a-su-actual-administrador","status":"publish","type":"post","link":"https:\/\/defensoriaformosa.gob.ar\/?p=16679","title":{"rendered":"ANTE INCUMPLIMIENTO DE ORDEN JUDICIAL SE SOLICITARON SANCIONES ECONOMICAS CONTRA VIALIDAD NACIONAL Y SE DENUNCIO POR INCUMPLIMIENTO DE DEBERES DE FUNCIONARIO PUBLICO A SU ACTUAL ADMINISTRADOR"},"content":{"rendered":"<p><strong>-El Gobierno Nacional en el periodo que va del 10 de diciembre de 2023, hasta el 23 de octubre de 2025, bajo la presidencia de Javier Milei, la pol\u00edtica de obra p\u00fablica de Vialidad Nacional, no implic\u00f3 la inauguraci\u00f3n de nuevos tramos de autopistas o rutas construidas desde cero, \u201cla misma ha dejado en estado cr\u00edtico las rutas nacionales m\u00e1s importantes del Pa\u00eds, especialmente las que atraviesan el Norte, como la RN 11 que recorre varias Jurisdicciones y que permite el acceso al Puente Internacional San Ignacio de Loyola, afectando la conectividad, elemento clave para el desarrollo econ\u00f3mico y social de la regi\u00f3n, siendo su deterioro el origen de diversos efectos negativos sobre la calidad de vida de los ciudadanos y del transporte de cargas, el cual, se ha encarecido claramente, en perjuicio de los consumidores\u201d. Por otra parte, se solicit\u00f3 a V\u00edctor Padilla, Titular del Distrito 22 de Vialidad Nacional, \u201crefiera que \u00e1rea o ministerio del gobierno nacional le inform\u00f3 que existen 11.216 millones de pesos asignados a formosa para obras viales\u201d-<\/strong><\/p>\n<p><!--more--><\/p>\n<p>Desde la Defensor\u00eda del Pueblo de la Provincia de Formosa, se dio a conocer, que vencido los plazos, otorgados por la Justicia Federal, en la causa judicial que se lleva adelante conjuntamente con la -Fundaci\u00f3n Padres Unidos por el Dolor- y que tramita por ante el Juzgado Federal N\u00ba 1 a cargo del Dr. Pablo Mor\u00e1n y por la cual, se orden\u00f3 la inmediata reparaci\u00f3n de una serie de lugares o zonas, se\u00f1alados primordialmente, tanto de las Rutas Nacionales N\u00ba 11, 81, 86 y 95, dentro del Territorio de la Provincia de Formosa y siendo que a la fecha, \u201csolamente el Distrito 22 de Vialidad Nacional Formosa, procedi\u00f3 a la, iluminaci\u00f3n de la rotonda ubicada en la intersecci\u00f3n de las Rutas Nacionales N\u00ba 95 y 81, la limpieza de la rotonda de la Ruta Nacional N\u00ba 11 a la altura de Mansilla y algunos arreglos con \u00abasfalto en fr\u00edo\u00bb, mezcla para reparaciones temporales, de baches, grietas, y zanjas de la Ruta Nacional N\u00ba 11, en la zona del Barrio Namqom de nuestra ciudad, y en el tramo de Fontana &#8211; Palo Santo, culminando con algunos m\u00ednimos arreglos (pintura) en el Puente Blanco\u201d; dejando todos los puntos indicados por la Justicia sin intervenci\u00f3n alguna, pese al tiempo transcurrido desde su notificaci\u00f3n, se procedi\u00f3, \u201cfrente a esta desobediencia judicial, solicitar sanciones econ\u00f3micas para Vialidad Nacional, m\u00e1s la denuncia por incumplimiento de deberes de funcionario p\u00fablico arts. 248 \u2013 249 contra el actual Administrador General de Vialidad Nacional, Marcelo Jorge Campoy\u201d.<\/p>\n<p>El Ombudsman Provincial, Dr. Jos\u00e9 Leonardo Gialluca, afirm\u00f3, que durante el periodo que va del 10 de diciembre de 2023 hasta el 23 de octubre de 2025, bajo la presidencia de Javier\u202fMilei, la pol\u00edtica de obra p\u00fablica vial de la Naci\u00f3n no implic\u00f3 la inauguraci\u00f3n de nuevos tramos de autopista o rutas construidas desde cero, sino que se centr\u00f3 principalmente en algunos mantenimientos y la concesi\u00f3n de la red vial existente, \u00fanicamente en algunas provincias. El Funcionario Provincial, por otro lado, se\u00f1al\u00f3 que, la desinversi\u00f3n del Gobierno de Javier Milei en materia de infraestructura vial, destruy\u00f3 el trabajo realizado en a\u00f1os anteriores en las rutas nacionales en el Norte Argentino y el monto para recuperar las citadas va a ser superior al costo que hubiera generado un mantenimiento planificado y normal. Esto coincide con un freno casi total a la inversi\u00f3n p\u00fablica en rutas. Los gastos de capital cayeron, en promedio, un 82% en t\u00e9rminos reales y en 2025 el gasto de capital sigue sin recuperarse.<\/p>\n<p>Destinar recursos al mantenimiento, evita mayores gastos en recuperaci\u00f3n en el futuro pr\u00f3ximo, esto de acuerdo a valoraciones de la C\u00e1mara Argentina de la Construcci\u00f3n (CAMARCO) el costo de mantenimiento anual del sistema de rutas de la Argentina (rutas nacionales y provinciales) es de $4.213 millones de d\u00f3lares y el costo de recuperaci\u00f3n de la infraestructura actual (en caso de no ser cuidada) llega a los $40.773 millones de d\u00f3lares (datos de CAMARCO).<\/p>\n<p>El costo de recuperaci\u00f3n, por su parte, espec\u00edficamente de las rutas nacionales llega a USD 23.240 millones. De esta manera, por cada peso que el mantenimiento planificado y habitual que el Estado invierte en las rutas de la Argentina, la inversi\u00f3n debe multiplicarse por 10 cuando no se realiza el mantenimiento adecuado, tal como es la decisi\u00f3n de la administraci\u00f3n de Javier Milei. La infraestructura se destruye y deteriora muy r\u00e1pido cuando no se invierte y el mantenimiento y construcci\u00f3n llevan tiempo y dinero. En materia de rutas, lo barato sale caro en seguridad vial e impuestos de los contribuyentes, a lo que debe sum\u00e1rsele el incremento de siniestros viales, donde la p\u00e9rdida de vida de los usuarios, son inestimables, m\u00e1s all\u00e1 de las responsabilidades civiles y penales que le caben a los Funcionarios al frente de los Organismos Competentes, como es el caso de Vialidad Nacional.<\/p>\n","protected":false},"excerpt":{"rendered":"<p>-El Gobierno Nacional en el periodo que va del 10 de diciembre de 2023, hasta el 23 de octubre de 2025, bajo la presidencia de Javier Milei, la pol\u00edtica de obra p\u00fablica de Vialidad Nacional, no implic\u00f3 la inauguraci\u00f3n de nuevos tramos de autopistas o rutas construidas desde cero, \u201cla misma ha dejado en estado [&hellip;]<\/p>\n","protected":false},"author":1,"featured_media":16680,"comment_status":"closed","ping_status":"closed","sticky":false,"template":"","format":"standard","meta":{"footnotes":""},"categories":[1],"tags":[],"class_list":["post-16679","post","type-post","status-publish","format-standard","has-post-thumbnail","hentry","category-noticias"],"_links":{"self":[{"href":"https:\/\/defensoriaformosa.gob.ar\/index.php?rest_route=\/wp\/v2\/posts\/16679","targetHints":{"allow":["GET"]}}],"collection":[{"href":"https:\/\/defensoriaformosa.gob.ar\/index.php?rest_route=\/wp\/v2\/posts"}],"about":[{"href":"https:\/\/defensoriaformosa.gob.ar\/index.php?rest_route=\/wp\/v2\/types\/post"}],"author":[{"embeddable":true,"href":"https:\/\/defensoriaformosa.gob.ar\/index.php?rest_route=\/wp\/v2\/users\/1"}],"replies":[{"embeddable":true,"href":"https:\/\/defensoriaformosa.gob.ar\/index.php?rest_route=%2Fwp%2Fv2%2Fcomments&post=16679"}],"version-history":[{"count":1,"href":"https:\/\/defensoriaformosa.gob.ar\/index.php?rest_route=\/wp\/v2\/posts\/16679\/revisions"}],"predecessor-version":[{"id":16681,"href":"https:\/\/defensoriaformosa.gob.ar\/index.php?rest_route=\/wp\/v2\/posts\/16679\/revisions\/16681"}],"wp:featuredmedia":[{"embeddable":true,"href":"https:\/\/defensoriaformosa.gob.ar\/index.php?rest_route=\/wp\/v2\/media\/16680"}],"wp:attachment":[{"href":"https:\/\/defensoriaformosa.gob.ar\/index.php?rest_route=%2Fwp%2Fv2%2Fmedia&parent=16679"}],"wp:term":[{"taxonomy":"category","embeddable":true,"href":"https:\/\/defensoriaformosa.gob.ar\/index.php?rest_route=%2Fwp%2Fv2%2Fcategories&post=16679"},{"taxonomy":"post_tag","embeddable":true,"href":"https:\/\/defensoriaformosa.gob.ar\/index.php?rest_route=%2Fwp%2Fv2%2Ftags&post=16679"}],"curies":[{"name":"wp","href":"https:\/\/api.w.org\/{rel}","templated":true}]}}