{"id":16666,"date":"2025-10-22T18:30:36","date_gmt":"2025-10-22T21:30:36","guid":{"rendered":"https:\/\/defensoriaformosa.gob.ar\/?p=16666"},"modified":"2025-10-22T18:30:36","modified_gmt":"2025-10-22T21:30:36","slug":"el-presidente-comete-abuso-de-autoridad-e-incumplimiento-de-deberes-de-funcionario-publico-al-no-aplicar-las-leyes-de-emergencia-en-discapacidad-pediatrica-y-el-financimiento-universitario","status":"publish","type":"post","link":"https:\/\/defensoriaformosa.gob.ar\/?p=16666","title":{"rendered":"EL PRESIDENTE COMETE ABUSO DE AUTORIDAD E INCUMPLIMIENTO DE DEBERES DE FUNCIONARIO PUBLICO AL NO APLICAR LAS LEYES DE EMERGENCIA, EN DISCAPACIDAD, PEDIATRICA Y EL FINANCIMIENTO UNIVERSITARIO"},"content":{"rendered":"<p><strong>-Milei ya dej\u00f3 de jugar al borde de la institucionalidad y di\u00f3 un paso por fuera de la Rep\u00fablica, un paso hacia el Autoritarismo llano y directo, al no aplicar Leyes Votadas, Vetadas y Vueltas a Votar, por el Congreso de la Naci\u00f3n-<\/strong><br \/>\n<!--more--><\/p>\n<p>La -Direcci\u00f3n de Derechos Humanos y Grupos Minoritarios- de la Defensor\u00eda del Pueblo de la Provincia de Formosa, denunci\u00f3 que el Gobierno Nacional de Javier Milei, volvi\u00f3 a atentar contra la ley, promulg\u00f3 la emergencia pedi\u00e1trica y el financiamiento universitario, pero suspendi\u00f3 su aplicaci\u00f3n.<\/p>\n<p>El mismo, firm\u00f3 los decretos, pero orden\u00f3 que no se apliquen hasta que el Parlamento \u00abdefina las fuentes de financiamiento\u00bb. De esta manera, volvi\u00f3 a recurrir a una maniobra que ya hab\u00eda sido denunciada como inconstitucional: promulg\u00f3 dos leyes aprobadas por el Congreso, pero suspendi\u00f3 su aplicaci\u00f3n bajo el argumento de que \u00abno hay plata\u00bb. A trav\u00e9s de los decretos 759 y 760, publicados el d\u00eda martes en el Bolet\u00edn Oficial, el Poder Ejecutivo dispuso la promulgaci\u00f3n de la Ley de Financiamiento Universitario (N\u00b0 27.795) y de la Ley de Emergencia Pedi\u00e1trica (N\u00b0 27.796), pero aclar\u00f3 que ambas quedar\u00e1n \u00aben suspenso\u00bb hasta que el Congreso \u00abdelimite las fuentes de financiamiento e incluya las partidas correspondientes en el Presupuesto Nacional\u00bb. La medida se conoci\u00f3 justo cuando venc\u00eda el plazo de diez d\u00edas h\u00e1biles para promulgar las normas, luego de que el Senado insistiera con las leyes que el propio Milei hab\u00eda vetado a comienzos de octubre. En los textos publicados, el Ejecutivo argumenta que \u00abcorresponde promulgar la ley\u00bb, pero advierte que su ejecuci\u00f3n \u00abquedar\u00e1 suspendida hasta tanto el Congreso determine las fuentes de financiamiento e incluya en el presupuesto nacional las partidas que permitan afrontar las erogaciones que su implementaci\u00f3n requiere\u00bb. Este razonamiento, repite la f\u00f3rmula del decreto con el que el Gobierno Nacional bloquea la aplicaci\u00f3n de la Ley de Emergencia en Discapacidad, tambi\u00e9n aprobada por insistencia parlamentaria.<\/p>\n<p>En ese entonces, la Casa Rosada apel\u00f3 al art\u00edculo 5 de la Ley 24.629, que prev\u00e9 que ninguna ley que implique gastos podr\u00e1 ejecutarse sin partidas presupuestarias expresas. Sin embargo, tanto en el caso universitario como en el pedi\u00e1trico, las leyes establecen mecanismos concretos de financiamiento. El Ombudsman Provincial, Dr. Jos\u00e9 Leonardo Gialluca, se\u00f1al\u00f3 que, en todos estos casos, \u201cMilei ya est\u00e1 en falta con algunas leyes que no se est\u00e1n aplicando, como la de Emergencia en Discapacidad, que motiv\u00f3 la toma de ANDIS por parte de familiares y pacientes la semana pasada. Una derrota de su m\u00e1quina de vetar pondr\u00eda en crisis esta forma de gobernar y en consecuencia la deriva autoritaria de Milei. \u00bfPor qu\u00e9 decimos \u201cautoritaria\u201d?. Porque Milei empez\u00f3 a jugar al borde de la Institucionalidad con los DNU y los vetos, pero la no aplicaci\u00f3n de leyes votadas, vetadas y vueltas a votar lo coloca por fuera de la ley. Es decir, Milei ya dej\u00f3 de jugar al borde de la institucionalidad y di\u00f3 un paso por fuera de la Rep\u00fablica, un paso hacia el Autoritarismo llano y directo\u201d, tal como lo afirm\u00f3 Jorge Fontevecchia periodista y empresario de medios argentinos.<\/p>\n","protected":false},"excerpt":{"rendered":"<p>-Milei ya dej\u00f3 de jugar al borde de la institucionalidad y di\u00f3 un paso por fuera de la Rep\u00fablica, un paso hacia el Autoritarismo llano y directo, al no aplicar Leyes Votadas, Vetadas y Vueltas a Votar, por el Congreso de la Naci\u00f3n-<\/p>\n","protected":false},"author":1,"featured_media":16667,"comment_status":"closed","ping_status":"closed","sticky":false,"template":"","format":"standard","meta":{"footnotes":""},"categories":[1],"tags":[],"class_list":["post-16666","post","type-post","status-publish","format-standard","has-post-thumbnail","hentry","category-noticias"],"_links":{"self":[{"href":"https:\/\/defensoriaformosa.gob.ar\/index.php?rest_route=\/wp\/v2\/posts\/16666","targetHints":{"allow":["GET"]}}],"collection":[{"href":"https:\/\/defensoriaformosa.gob.ar\/index.php?rest_route=\/wp\/v2\/posts"}],"about":[{"href":"https:\/\/defensoriaformosa.gob.ar\/index.php?rest_route=\/wp\/v2\/types\/post"}],"author":[{"embeddable":true,"href":"https:\/\/defensoriaformosa.gob.ar\/index.php?rest_route=\/wp\/v2\/users\/1"}],"replies":[{"embeddable":true,"href":"https:\/\/defensoriaformosa.gob.ar\/index.php?rest_route=%2Fwp%2Fv2%2Fcomments&post=16666"}],"version-history":[{"count":1,"href":"https:\/\/defensoriaformosa.gob.ar\/index.php?rest_route=\/wp\/v2\/posts\/16666\/revisions"}],"predecessor-version":[{"id":16668,"href":"https:\/\/defensoriaformosa.gob.ar\/index.php?rest_route=\/wp\/v2\/posts\/16666\/revisions\/16668"}],"wp:featuredmedia":[{"embeddable":true,"href":"https:\/\/defensoriaformosa.gob.ar\/index.php?rest_route=\/wp\/v2\/media\/16667"}],"wp:attachment":[{"href":"https:\/\/defensoriaformosa.gob.ar\/index.php?rest_route=%2Fwp%2Fv2%2Fmedia&parent=16666"}],"wp:term":[{"taxonomy":"category","embeddable":true,"href":"https:\/\/defensoriaformosa.gob.ar\/index.php?rest_route=%2Fwp%2Fv2%2Fcategories&post=16666"},{"taxonomy":"post_tag","embeddable":true,"href":"https:\/\/defensoriaformosa.gob.ar\/index.php?rest_route=%2Fwp%2Fv2%2Ftags&post=16666"}],"curies":[{"name":"wp","href":"https:\/\/api.w.org\/{rel}","templated":true}]}}