{"id":16656,"date":"2025-10-20T22:39:57","date_gmt":"2025-10-21T01:39:57","guid":{"rendered":"https:\/\/defensoriaformosa.gob.ar\/?p=16656"},"modified":"2025-10-20T22:39:57","modified_gmt":"2025-10-21T01:39:57","slug":"desde-el-odepoe-se-afirmo-que-los-actos-de-violencia-en-esta-campana-electoral-se-explican-por-la-polarizacion-politica-el-profundo-malestar-socio-economico-y-el-papel-amplificador-de-las-redes-socia","status":"publish","type":"post","link":"https:\/\/defensoriaformosa.gob.ar\/?p=16656","title":{"rendered":"DESDE EL ODEPOE SE AFIRM\u00d3 QUE LOS ACTOS DE VIOLENCIA EN ESTA CAMPA\u00d1A ELECTORAL SE EXPLICAN POR LA POLARIZACI\u00d3N POL\u00cdTICA, EL PROFUNDO MALESTAR SOCIO-ECON\u00d3MICO Y EL PAPEL AMPLIFICADOR DE LAS REDES SOCIALES"},"content":{"rendered":"<p><strong>-Los problemas econ\u00f3micos y sociales no resueltos, como la inflaci\u00f3n, la precarizaci\u00f3n laboral, la inseguridad, generan un profundo malestar social que se canaliza en formas de insatisfacci\u00f3n democr\u00e1tica y en ciertos casos se producen, ataques directos a elementos de campa\u00f1a, ya sean carteler\u00eda, veh\u00edculos u otros, ya que se percibe, que la situaci\u00f3n econ\u00f3mica del pa\u00eds, empeorar\u00e1 en el pr\u00f3ximo a\u00f1o-<\/strong><\/p>\n<p><!--more--><\/p>\n<p>El Observatorio de Derechos Pol\u00edticos y Electorales de Formosa (ODEPOE), que monitorea el desarrollo de los procesos electorales en la Provincia, se manifest\u00f3 con relaci\u00f3n a los hechos de violencia que se registraron entre militantes de dos fuerzas pol\u00edticas en la ciudad capital y que terminaron con un joven agredido, rechaz\u00e1ndose todo tipo de violencia, provenga del espacio que sea. Se record\u00f3 que el pr\u00f3ximo 26 de octubre, el Gobierno Nacional de\u00a0Javier Milei\u00a0plebiscitar\u00e1 su gesti\u00f3n en comicios nacionales\u00a0en los que se pondr\u00e1n en juego 127 bancas de Diputados y 24 del Senado.<\/p>\n<p>El\u00a0reordenamiento econ\u00f3mico, una de las principales banderas que llev\u00f3 a La Libertad Avanza a la presidencia en 2023, hoy le impone un desaf\u00edo, sucede que\u00a0m\u00e1s de un 50% de los hogares no llega a fin de mes. El dato surge de un relevamiento realizado por la Consultora Escenarios, dirigida por Federico Zapata y Pablo Touz\u00f3n, a principios de octubre sobre una muestra de 1404 casos. El estudio revel\u00f3 que\u00a0el 53,04% de los encuestados tiene ingresos mensuales insuficientes, mientras que otro 30,30% llega a fin de mes \u201ccon lo justo\u201d. La insuficiencia de los ingresos tiene dos contracaras: por un lado, el\u00a0achicamiento de gastos\u00a0y, por otro, el\u00a0endeudamiento de las familias. Los resultados de la encuesta muestran que\u00a0el 46,26% de los hogares ha tenido que restringir \u201cmucho\u201d su consumo\u00a0en el \u00faltimo a\u00f1o mientras que el 37,59% se ha \u201cajustado un poco\u201d. Solo un 16,10% reconoce no haber hecho cambios, una proporci\u00f3n similar a la de quienes afirman tener \u201cingresos suficientes\u201d y capacidad de ahorro. En cuanto a endeudamiento,\u00a0el 57,94% declar\u00f3 haber incurrido en alg\u00fan tipo de deuda\u00a0y el 41,03% tiene dificultades para cubrirla o, directamente, no puede hacerlo.<\/p>\n<p>En este escenario las expectativas de la sociedad tampoco son prometedoras:\u00a0alrededor del 55% de la poblaci\u00f3n cree que la situaci\u00f3n econ\u00f3mica del pa\u00eds empeorar\u00e1 en el pr\u00f3ximo a\u00f1o. Se trata de una proporci\u00f3n mucho m\u00e1s elevada que la de diciembre de 2023, cuando reci\u00e9n asum\u00eda la presidencia Milei y solo el 31,48% auguraba un\u00a0declive. Todos estos factores explican porque, pese a que alrededor del 75% de la ciudadan\u00eda elige la\u00a0democracia\u00a0sobre cualquier otra forma de gobierno,\u00a0solo el 26,50% se encuentra satisfecho o muy satisfecho\u00a0con su funcionamiento en la Argentina, presentando el 71,76% distintos grados de descontento.<\/p>\n","protected":false},"excerpt":{"rendered":"<p>-Los problemas econ\u00f3micos y sociales no resueltos, como la inflaci\u00f3n, la precarizaci\u00f3n laboral, la inseguridad, generan un profundo malestar social que se canaliza en formas de insatisfacci\u00f3n democr\u00e1tica y en ciertos casos se producen, ataques directos a elementos de campa\u00f1a, ya sean carteler\u00eda, veh\u00edculos u otros, ya que se percibe, que la situaci\u00f3n econ\u00f3mica del [&hellip;]<\/p>\n","protected":false},"author":1,"featured_media":16657,"comment_status":"closed","ping_status":"closed","sticky":false,"template":"","format":"standard","meta":{"footnotes":""},"categories":[1],"tags":[],"class_list":["post-16656","post","type-post","status-publish","format-standard","has-post-thumbnail","hentry","category-noticias"],"_links":{"self":[{"href":"https:\/\/defensoriaformosa.gob.ar\/index.php?rest_route=\/wp\/v2\/posts\/16656","targetHints":{"allow":["GET"]}}],"collection":[{"href":"https:\/\/defensoriaformosa.gob.ar\/index.php?rest_route=\/wp\/v2\/posts"}],"about":[{"href":"https:\/\/defensoriaformosa.gob.ar\/index.php?rest_route=\/wp\/v2\/types\/post"}],"author":[{"embeddable":true,"href":"https:\/\/defensoriaformosa.gob.ar\/index.php?rest_route=\/wp\/v2\/users\/1"}],"replies":[{"embeddable":true,"href":"https:\/\/defensoriaformosa.gob.ar\/index.php?rest_route=%2Fwp%2Fv2%2Fcomments&post=16656"}],"version-history":[{"count":1,"href":"https:\/\/defensoriaformosa.gob.ar\/index.php?rest_route=\/wp\/v2\/posts\/16656\/revisions"}],"predecessor-version":[{"id":16658,"href":"https:\/\/defensoriaformosa.gob.ar\/index.php?rest_route=\/wp\/v2\/posts\/16656\/revisions\/16658"}],"wp:featuredmedia":[{"embeddable":true,"href":"https:\/\/defensoriaformosa.gob.ar\/index.php?rest_route=\/wp\/v2\/media\/16657"}],"wp:attachment":[{"href":"https:\/\/defensoriaformosa.gob.ar\/index.php?rest_route=%2Fwp%2Fv2%2Fmedia&parent=16656"}],"wp:term":[{"taxonomy":"category","embeddable":true,"href":"https:\/\/defensoriaformosa.gob.ar\/index.php?rest_route=%2Fwp%2Fv2%2Fcategories&post=16656"},{"taxonomy":"post_tag","embeddable":true,"href":"https:\/\/defensoriaformosa.gob.ar\/index.php?rest_route=%2Fwp%2Fv2%2Ftags&post=16656"}],"curies":[{"name":"wp","href":"https:\/\/api.w.org\/{rel}","templated":true}]}}