{"id":16644,"date":"2025-10-16T19:18:59","date_gmt":"2025-10-16T22:18:59","guid":{"rendered":"https:\/\/defensoriaformosa.gob.ar\/?p=16644"},"modified":"2025-10-17T19:22:15","modified_gmt":"2025-10-17T22:22:15","slug":"suben-precios-de-verduras-y-de-la-carne-en-la-previa-del-dia-de-la-madre","status":"publish","type":"post","link":"https:\/\/defensoriaformosa.gob.ar\/?p=16644","title":{"rendered":"SUBEN PRECIOS DE VERDURAS Y DE LA CARNE EN LA PREVIA DEL \u201cD\u00cdA DE LA MADRE\u201d"},"content":{"rendered":"<p><strong>-La carne es el alimento que mayor inflaci\u00f3n acumula en el 2025 en el NEA, entre enero y setiembre, los cortes promediaron un alza del 33,2%, alcanzando un encarecimiento del 48,4% interanual, en tanto frutas y verduras tuvieron un incremento del 8,6% y atender\u00eda a cuestiones estacionales. El INDEC, se\u00f1al\u00f3 que un hogar de cuatro integrantes, dos adultos y dos menores, durante septiembre, para superar el umbral de pobreza, necesit\u00f3 $ 1.176.852-<\/strong><\/p>\n<p><!--more--><\/p>\n<p>La Defensor\u00eda del Pueblo de la Provincia de Formosa, luego de realizar una serie de relevamientos en fruter\u00edas y carnicer\u00edas, pudo detectar aumentos en los precios de algunas verduras y en la carne vacuna en estos d\u00edas previos al D\u00eda de la Madre. Por ejemplo, el tomate y el morr\u00f3n rojo poseen actualmente precios elevados, ante el faltante de productos proveniente de algunas zonas, como as\u00ed tambi\u00e9n, tuvieron incrementos en sus valores la papa, y la banana cuya oferta es limitada. El Ombudsman Provincial Dr. Jos\u00e9 Leonardo Gialluca, se\u00f1al\u00f3 que conforme lo informado por el (INDEC) en su reporte del \u00cdndice de Precios al Consumidor (IPC) de septiembre, se puede apreciar que en el NEA (Formosa, Chaco, Corrientes y Misiones) los alimentos y las bebidas no alcoh\u00f3licas tuvieron un incremento promedio del 1,9% el mes pasado, acumulando un 20,1% en lo que va del a\u00f1o. Asimismo, se observa que, los alimentos promediaron un alza del 2,1%. Dentro de esa subdivisi\u00f3n, pan y cereales marc\u00f3 un encarecimiento del 1,6%; carnes 1,6%; leche, derivados y huevos 0%; aceite, grasa y manteca 4,3%.<\/p>\n<p>En tanto que las frutas tuvieron una remarca del 8,6% y las verduras del 5,5%. Por su parte, el az\u00facar, dulces, chocolates y golosinas se encarecieron un 1,7%. En tanto que en el \u00faltimo a\u00f1o (septiembre 2024 &#8211; septiembre 2025), las mercader\u00edas b\u00e1sicas tuvieron un alza del 24,8%. El pan trep\u00f3 un 13,4%, la carne 48,4%, leche y productos l\u00e1cteos 21,2%, aceite 45,4%, frutas 20,3%, el az\u00facar 18,9%. Las bebidas no alcoh\u00f3licas 24%, caf\u00e9, t\u00e9, yerba y cacao 12,7%, aguas minerales, bebidas gaseosas y jugos 28,3%. Entre los alimentos que m\u00e1s se encarecieron, se destacan las frutas y verduras frescas. El tomate redondo fue el que lider\u00f3 los aumentos con un alza del 30,9%, seguido por el lim\u00f3n, con una suba del 16,6%. Tambi\u00e9n subieron el zapallo anco (7,1%), la banana (5,7%), y la cebolla (5,1%). La manzana deliciosa y la naranja, ambas con incrementos del 4,6%, tambi\u00e9n se sumaron a la lista. En cuanto a productos de almac\u00e9n, la harina de trigo com\u00fan 000 subi\u00f3 5,2%, las galletitas de agua un 4,1% y el aceite de girasol un 3,7%. As\u00ed, el dato de septiembre confirma que, el acceso a los alimentos sigue siendo una preocupaci\u00f3n cotidiana para muchas familias. La sensibilidad de los precios en este rubro clave revela que el costo de llenar la heladera contin\u00faa siendo un desaf\u00edo en un contexto de ingresos ajustados y consumos deteriorados.<\/p>\n<p>En tanto el INDEC dio a conocer el ingreso requerido por un hogar de cuatro integrantes durante septiembre para superar el umbral de pobreza, \u2013dos adultos y dos menores- necesit\u00f3 $ 1.176.852,05 para superar el umbral de pobreza en el mes de septiembre del corriente a\u00f1o.<\/p>\n","protected":false},"excerpt":{"rendered":"<p>-La carne es el alimento que mayor inflaci\u00f3n acumula en el 2025 en el NEA, entre enero y setiembre, los cortes promediaron un alza del 33,2%, alcanzando un encarecimiento del 48,4% interanual, en tanto frutas y verduras tuvieron un incremento del 8,6% y atender\u00eda a cuestiones estacionales. El INDEC, se\u00f1al\u00f3 que un hogar de cuatro [&hellip;]<\/p>\n","protected":false},"author":1,"featured_media":16645,"comment_status":"closed","ping_status":"closed","sticky":false,"template":"","format":"standard","meta":{"footnotes":""},"categories":[1],"tags":[],"class_list":["post-16644","post","type-post","status-publish","format-standard","has-post-thumbnail","hentry","category-noticias"],"_links":{"self":[{"href":"https:\/\/defensoriaformosa.gob.ar\/index.php?rest_route=\/wp\/v2\/posts\/16644","targetHints":{"allow":["GET"]}}],"collection":[{"href":"https:\/\/defensoriaformosa.gob.ar\/index.php?rest_route=\/wp\/v2\/posts"}],"about":[{"href":"https:\/\/defensoriaformosa.gob.ar\/index.php?rest_route=\/wp\/v2\/types\/post"}],"author":[{"embeddable":true,"href":"https:\/\/defensoriaformosa.gob.ar\/index.php?rest_route=\/wp\/v2\/users\/1"}],"replies":[{"embeddable":true,"href":"https:\/\/defensoriaformosa.gob.ar\/index.php?rest_route=%2Fwp%2Fv2%2Fcomments&post=16644"}],"version-history":[{"count":1,"href":"https:\/\/defensoriaformosa.gob.ar\/index.php?rest_route=\/wp\/v2\/posts\/16644\/revisions"}],"predecessor-version":[{"id":16646,"href":"https:\/\/defensoriaformosa.gob.ar\/index.php?rest_route=\/wp\/v2\/posts\/16644\/revisions\/16646"}],"wp:featuredmedia":[{"embeddable":true,"href":"https:\/\/defensoriaformosa.gob.ar\/index.php?rest_route=\/wp\/v2\/media\/16645"}],"wp:attachment":[{"href":"https:\/\/defensoriaformosa.gob.ar\/index.php?rest_route=%2Fwp%2Fv2%2Fmedia&parent=16644"}],"wp:term":[{"taxonomy":"category","embeddable":true,"href":"https:\/\/defensoriaformosa.gob.ar\/index.php?rest_route=%2Fwp%2Fv2%2Fcategories&post=16644"},{"taxonomy":"post_tag","embeddable":true,"href":"https:\/\/defensoriaformosa.gob.ar\/index.php?rest_route=%2Fwp%2Fv2%2Ftags&post=16644"}],"curies":[{"name":"wp","href":"https:\/\/api.w.org\/{rel}","templated":true}]}}