{"id":16638,"date":"2025-10-14T08:50:31","date_gmt":"2025-10-14T11:50:31","guid":{"rendered":"https:\/\/defensoriaformosa.gob.ar\/?p=16638"},"modified":"2025-10-15T08:51:38","modified_gmt":"2025-10-15T11:51:38","slug":"la-inflacion-fue-del-21-en-septiembre-y-acumulo-318-en-12-meses","status":"publish","type":"post","link":"https:\/\/defensoriaformosa.gob.ar\/?p=16638","title":{"rendered":"LA INFLACI\u00d3N FUE DEL 2,1% EN SEPTIEMBRE Y ACUMUL\u00d3 31,8% EN 12 MESES"},"content":{"rendered":"<p><strong>-El Ombudsman Provincial Dr. Jos\u00e9 Leonardo Gialluca, se\u00f1al\u00f3 que 7 de cada 20 argentinos no conf\u00edan en el INDEC. Un 67,4%, cree que el dato oficial no refleja el verdadero aumento del costo de vida. Los consumidores desconf\u00edan y no creen en las cifras oficiales del INDEC-<\/strong><\/p>\n<p><!--more--><\/p>\n<p>La inflaci\u00f3n medida por el Instituto Nacional de Estad\u00edstica y Censos (INDEC) reflej\u00f3 en septiembre una suba del 2,1 por ciento en el \u00cdndice de Precios al Consumidor (IPC). En los \u00faltimos 12 meses, el acumulado inflacionario fue de 31,8%. El dato confirma la tendencia alcista de la inflaci\u00f3n, que en mayo lleg\u00f3 a su punto m\u00e1s bajo de los \u00faltimos a\u00f1os (1,5%) y que desde entonces hab\u00eda tenido un leve ascenso. Adem\u00e1s, rompe la barrera del 2 por ciento mensual, cuyo quiebre hacia abajo hab\u00eda sido considerado como un \u00e9xito del actual Gobierno Nacional. La novedad lleg\u00f3 en el peor momento para el Gobierno Federal, en v\u00edsperas de las elecciones de renovaci\u00f3n legislativa, lo que empa\u00f1a uno de los pocos logros econ\u00f3micos que el mismo pod\u00eda exhibir ante los votantes. Esta desconfianza se afirma con la percepci\u00f3n de los consumidores de que la inflaci\u00f3n y la pobreza son mayores de lo que indican las cifras oficiales. A esto se le suma, que los \u00edndices compilados por ciudades y provincias, incluida la de Buenos Aires y las que integran la zona del NEA, arrojan tasas de inflaci\u00f3n m\u00e1s altas que la cifra nacional, lo que agrava la percepci\u00f3n de que las cifras son subestimadas. A esto debemos sumarle que el FMI modific\u00f3 las proyecciones de inflaci\u00f3n de la Argentina para el 2025, cuyo nivel cerrar\u00eda en el orden del 28%.<\/p>\n<p>Se trata de una recalibraci\u00f3n de casi 4 puntos m\u00e1s de lo que hab\u00eda estimado en julio pasado, cuando proyecto un 24% para todo el a\u00f1o. Por otra parte, la Fundaci\u00f3n Capital estim\u00f3 que la Argentina entr\u00f3 en recesi\u00f3n t\u00e9cnica en el tercer trimestre del a\u00f1o. \u201cA la retracci\u00f3n del PBI en la medici\u00f3n sin estacionalidad del segundo trimestre se adiciona una baja estimada en el tercero del 0,8%\u201d. As\u00ed el a\u00f1o cerrar\u00eda con un crecimiento del PBI del 3,7%, de cara al 2026 se prev\u00e9 un crecimiento m\u00e1s moderado del 3,3% en un escenario optimista, pero siempre con un consumo que continuar\u00e1 limitado y a la baja, que perjudica a los sectores m\u00e1s vulnerables y a la denominada clase media argentina.<\/p>\n","protected":false},"excerpt":{"rendered":"<p>-El Ombudsman Provincial Dr. Jos\u00e9 Leonardo Gialluca, se\u00f1al\u00f3 que 7 de cada 20 argentinos no conf\u00edan en el INDEC. Un 67,4%, cree que el dato oficial no refleja el verdadero aumento del costo de vida. Los consumidores desconf\u00edan y no creen en las cifras oficiales del INDEC-<\/p>\n","protected":false},"author":1,"featured_media":16639,"comment_status":"closed","ping_status":"closed","sticky":false,"template":"","format":"standard","meta":{"footnotes":""},"categories":[1],"tags":[],"class_list":["post-16638","post","type-post","status-publish","format-standard","has-post-thumbnail","hentry","category-noticias"],"_links":{"self":[{"href":"https:\/\/defensoriaformosa.gob.ar\/index.php?rest_route=\/wp\/v2\/posts\/16638","targetHints":{"allow":["GET"]}}],"collection":[{"href":"https:\/\/defensoriaformosa.gob.ar\/index.php?rest_route=\/wp\/v2\/posts"}],"about":[{"href":"https:\/\/defensoriaformosa.gob.ar\/index.php?rest_route=\/wp\/v2\/types\/post"}],"author":[{"embeddable":true,"href":"https:\/\/defensoriaformosa.gob.ar\/index.php?rest_route=\/wp\/v2\/users\/1"}],"replies":[{"embeddable":true,"href":"https:\/\/defensoriaformosa.gob.ar\/index.php?rest_route=%2Fwp%2Fv2%2Fcomments&post=16638"}],"version-history":[{"count":1,"href":"https:\/\/defensoriaformosa.gob.ar\/index.php?rest_route=\/wp\/v2\/posts\/16638\/revisions"}],"predecessor-version":[{"id":16640,"href":"https:\/\/defensoriaformosa.gob.ar\/index.php?rest_route=\/wp\/v2\/posts\/16638\/revisions\/16640"}],"wp:featuredmedia":[{"embeddable":true,"href":"https:\/\/defensoriaformosa.gob.ar\/index.php?rest_route=\/wp\/v2\/media\/16639"}],"wp:attachment":[{"href":"https:\/\/defensoriaformosa.gob.ar\/index.php?rest_route=%2Fwp%2Fv2%2Fmedia&parent=16638"}],"wp:term":[{"taxonomy":"category","embeddable":true,"href":"https:\/\/defensoriaformosa.gob.ar\/index.php?rest_route=%2Fwp%2Fv2%2Fcategories&post=16638"},{"taxonomy":"post_tag","embeddable":true,"href":"https:\/\/defensoriaformosa.gob.ar\/index.php?rest_route=%2Fwp%2Fv2%2Ftags&post=16638"}],"curies":[{"name":"wp","href":"https:\/\/api.w.org\/{rel}","templated":true}]}}