{"id":16632,"date":"2025-10-10T10:39:38","date_gmt":"2025-10-10T13:39:38","guid":{"rendered":"https:\/\/defensoriaformosa.gob.ar\/?p=16632"},"modified":"2025-10-14T10:40:49","modified_gmt":"2025-10-14T13:40:49","slug":"denuncio-la-defensoria-que-el-gobierno-nacional-incumple-la-ley-y-reimplanta-el-dia-de-la-raza","status":"publish","type":"post","link":"https:\/\/defensoriaformosa.gob.ar\/?p=16632","title":{"rendered":"DENUNCIO LA DEFENSORIA QUE EL GOBIERNO NACIONAL INCUMPLE LA LEY Y REIMPLANTA EL DIA DE LA RAZA"},"content":{"rendered":"<p><strong>-Esta decisi\u00f3n constituye un gesto de negacionismo, hacia nuestra diversidad cultural y un retroceso en el reconocimiento de las Comunidades Ind\u00edgenas, que a\u00fan hoy luchan por preservar sus lenguas, tradiciones y territorios frente a las consecuencias hist\u00f3ricas de la colonizaci\u00f3n-<\/strong><\/p>\n<p><!--more--><\/p>\n<p>El Defensor del Pueblo de la Provincia de Formosa, Dr. Jos\u00e9 Leonardo Gialluca, denunci\u00f3, que el feriado correspondiente al -D\u00eda del Respeto a la Diversidad Cultural- fue oficialmente trasladado al viernes 10 de octubre este a\u00f1o. Esta decisi\u00f3n, formalizada a trav\u00e9s de la Resoluci\u00f3n N\u00ba 139\/2025 de la Jefatura de Gabinete de Ministros, publicada en el Bolet\u00edn Oficial, configura un fin de semana largo de tres d\u00edas en todo el territorio nacional. Sin embargo, el Gobierno de Javier Milei volvi\u00f3 a referirse a esa fecha como el \u201cD\u00eda de la Raza\u201d, pese a que desde 2010 se denomina como \u201cD\u00eda del Respeto a la Diversidad Cultural\u201d. Pero no es la primera vez que lo hace. En su primer a\u00f1o de gesti\u00f3n, en 2024, tambi\u00e9n hab\u00eda decidido modificar el nombre. Desde la p\u00e1gina oficial del Ministerio del Interior, donde figuran los feriados nacionales inamovibles, trasladables y no laborales, ayer figuraba un cartel que dec\u00eda: \u201cFaltan dos d\u00edas para el pr\u00f3ximo feriado que es el 10 de octubre de 2015 \u2018D\u00eda de la Raza\u2019\u201d.<\/p>\n<p>Incluso, m\u00e1s abajo en la misma web donde est\u00e1n detalladas las jornadas especiales de cada mes, el Gobierno volvi\u00f3 a llamarlo de esa manera. Aunque, un mes atr\u00e1s, y a trav\u00e9s de la Resoluci\u00f3n N\u00ba 139 firmada por el Ministro Guillermo Francos, se hizo oficial el traslado de ese feriado que cae domingo al viernes previo: \u201cTrasladase el feriado nacional del d\u00eda 12 de octubre \u2018D\u00eda del Respeto a la Diversidad Cultural\u2019 correspondiente al a\u00f1o 2025 al viernes 10 de octubre del mismo a\u00f1o\u201d. Si finalmente el Ejecutivo decidiera retomar la denominaci\u00f3n de \u201cD\u00eda de la Raza\u201d, implicar\u00eda dar marcha atr\u00e1s con el Decreto N\u00ba 1584\/10, que modific\u00f3 la expresi\u00f3n para dejar atr\u00e1s el concepto de \u201craza\u201d. Cabe destacar que la denominaci\u00f3n de esta efem\u00e9ride promov\u00eda la reflexi\u00f3n hist\u00f3rica, el debate y el di\u00e1logo intercultural que reconoc\u00eda la riqueza de los Pueblos Ind\u00edgenas dejando atr\u00e1s la idea de la \u201ccelebraci\u00f3n del descubrimiento de Am\u00e9rica\u201d por la conmemoraci\u00f3n de las resistencias de los pueblos ind\u00edgenas de la Argentina como parte fundamental de nuestra identidad cultural en el territorio nacional.<\/p>\n<p>Ya para el 12 de octubre de 2024, el Gobierno Nacional tambi\u00e9n hab\u00eda decidido deso\u00edr el decreto y volvi\u00f3 a la vieja denominaci\u00f3n de \u201cD\u00eda de la Raza\u201d. Lo present\u00f3 as\u00ed en las gacetillas oficiales e incluso en un video que se public\u00f3 en las cuentas de la Casa Rosada y que despu\u00e9s comparti\u00f3 el presidente Milei. El Ombudsman Provincial, record\u00f3 que, la llegada de Europa a la actual Am\u00e9rica fue un quiebre en la historia global y un hito fundante para Occidente. Este hecho fue el inicio de un largo proceso de conquista y colonizaci\u00f3n y, al mismo tiempo, una historia de lucha y resistencia para los pueblos originarios en estas tierras. Asimismo, la llegada de los europeos a este continente implic\u00f3 una batalla por el dominio de sus recursos y una historia de lucha de los Pueblos Originarios para conservar y cuidar sus lenguas, tradiciones, creencias, historias y territorios, lo que, en la actualidad, se ha dejado de lado, pretendiendo invisibilizarlos y de esta manera, que el Estado Nacional desconozca y no respete sus derechos consagrados en diversas normas que se encuentran vigentes.<\/p>\n","protected":false},"excerpt":{"rendered":"<p>-Esta decisi\u00f3n constituye un gesto de negacionismo, hacia nuestra diversidad cultural y un retroceso en el reconocimiento de las Comunidades Ind\u00edgenas, que a\u00fan hoy luchan por preservar sus lenguas, tradiciones y territorios frente a las consecuencias hist\u00f3ricas de la colonizaci\u00f3n-<\/p>\n","protected":false},"author":1,"featured_media":16633,"comment_status":"closed","ping_status":"closed","sticky":false,"template":"","format":"standard","meta":{"footnotes":""},"categories":[1],"tags":[],"class_list":["post-16632","post","type-post","status-publish","format-standard","has-post-thumbnail","hentry","category-noticias"],"_links":{"self":[{"href":"https:\/\/defensoriaformosa.gob.ar\/index.php?rest_route=\/wp\/v2\/posts\/16632","targetHints":{"allow":["GET"]}}],"collection":[{"href":"https:\/\/defensoriaformosa.gob.ar\/index.php?rest_route=\/wp\/v2\/posts"}],"about":[{"href":"https:\/\/defensoriaformosa.gob.ar\/index.php?rest_route=\/wp\/v2\/types\/post"}],"author":[{"embeddable":true,"href":"https:\/\/defensoriaformosa.gob.ar\/index.php?rest_route=\/wp\/v2\/users\/1"}],"replies":[{"embeddable":true,"href":"https:\/\/defensoriaformosa.gob.ar\/index.php?rest_route=%2Fwp%2Fv2%2Fcomments&post=16632"}],"version-history":[{"count":1,"href":"https:\/\/defensoriaformosa.gob.ar\/index.php?rest_route=\/wp\/v2\/posts\/16632\/revisions"}],"predecessor-version":[{"id":16634,"href":"https:\/\/defensoriaformosa.gob.ar\/index.php?rest_route=\/wp\/v2\/posts\/16632\/revisions\/16634"}],"wp:featuredmedia":[{"embeddable":true,"href":"https:\/\/defensoriaformosa.gob.ar\/index.php?rest_route=\/wp\/v2\/media\/16633"}],"wp:attachment":[{"href":"https:\/\/defensoriaformosa.gob.ar\/index.php?rest_route=%2Fwp%2Fv2%2Fmedia&parent=16632"}],"wp:term":[{"taxonomy":"category","embeddable":true,"href":"https:\/\/defensoriaformosa.gob.ar\/index.php?rest_route=%2Fwp%2Fv2%2Fcategories&post=16632"},{"taxonomy":"post_tag","embeddable":true,"href":"https:\/\/defensoriaformosa.gob.ar\/index.php?rest_route=%2Fwp%2Fv2%2Ftags&post=16632"}],"curies":[{"name":"wp","href":"https:\/\/api.w.org\/{rel}","templated":true}]}}