{"id":16629,"date":"2025-10-10T10:37:44","date_gmt":"2025-10-10T13:37:44","guid":{"rendered":"https:\/\/defensoriaformosa.gob.ar\/?p=16629"},"modified":"2025-10-14T10:39:32","modified_gmt":"2025-10-14T13:39:32","slug":"diputados-anulo-el-decreto-del-gobierno-que-frenaba-la-ley-de-emergencia-en-discapacidad","status":"publish","type":"post","link":"https:\/\/defensoriaformosa.gob.ar\/?p=16629","title":{"rendered":"DIPUTADOS ANUL\u00d3 EL DECRETO DEL GOBIERNO QUE FRENABA LA LEY DE EMERGENCIA EN DISCAPACIDAD"},"content":{"rendered":"<p><strong>-\u201cGialluca repudi\u00f3 a los sectores pol\u00edticos minoritarios, que en nuestra provincia,\u00a0 hace unos meses apoyaban las auditorias m\u00e9dicas irregulares llevadas adelante por la ANDIS y ahora se cuelgan interesadamente de una acci\u00f3n judicial, obtenida por el Organismo de la Constituci\u00f3n del Gobierno de la Provincia de Formosa, a favor de todas las personas con discapacidad\u201d, lo que habla a las claras de \u201cque contin\u00faan utilizando a los sectores m\u00e1s vulnerables de nuestra sociedad en tiempos de campa\u00f1a pol\u00edtica, sin tener rubor alguno\u201d-<\/strong><\/p>\n<p><!--more--><\/p>\n<p>La Defensor\u00eda del Pueblo de la Provincia de Formosa, inform\u00f3 que, la C\u00e1mara Baja declar\u00f3 inv\u00e1lida la medida del Poder Ejecutivo que suspend\u00eda la aplicaci\u00f3n de la norma. La iniciativa obtuvo 119 votos a favor, 67 en contra y 8 abstenciones. Legisladores denunciaron un intento de eludir la voluntad del Congreso. La Resoluci\u00f3n que deja sin efecto el Decreto N\u00ba 681\/2025 emitido por el Poder Ejecutivo, mediante el cual se hab\u00eda suspendido la puesta en marcha de la Ley de Emergencia en Discapacidad. La norma hab\u00eda sido aprobada por ambas c\u00e1maras, vetada por el Gobierno y luego promulgada tras la insistencia del Congreso, aunque con una cl\u00e1usula suspensiva que ahora fue declarada \u201cnula de nulidad absoluta e insanable\u201d. Recordaron que la ley fue aprobada por ambas c\u00e1maras, luego vetada y finalmente ratificada por el Congreso. \u201cNo requiere ning\u00fan otro tr\u00e1mite ni puede ser objeto de suspensi\u00f3n alguna\u201d. En este sentido, el Ombudsman Provincial, Dr. Jos\u00e9 Leonardo Gialluca, refut\u00f3 los argumentos del Jefe de Gabinete, Guillermo Francos, quien hab\u00eda justificado el decreto en la falta de previsi\u00f3n presupuestaria. \u201c\u00bfPara qu\u00e9 debatimos leyes si despu\u00e9s se pueden suspender por decreto? \u00bfPara qu\u00e9 juramos la Constituci\u00f3n si vamos a permitir su incumplimiento?\u201d. Con esta decisi\u00f3n, la C\u00e1mara Diputados dej\u00f3 en claro que la Ley de Emergencia en Discapacidad debe entrar en vigencia inmediata y que el Gobierno Nacional de Javier Milei no puede demorar su cumplimiento por motivos administrativos o financieros porque se est\u00e1 perjudicando gravemente al colectivo de personas con discapacidad en todo el pa\u00eds.<\/p>\n<p>Por \u00faltimo, el Funcionario Provincial, a\u00f1adi\u00f3 que, en cuanto al cobro de las pensiones por discapacidad en Formosa, los beneficiarios que \u201chayan tenido alg\u00fan inconveniente, se podr\u00e1n presentar o contactarse con el Organismo de la Constituci\u00f3n, a fin de regularizar las situaciones que se vayan dando\u201d. Asimismo,\u00a0 \u201cGialluca repudi\u00f3 a los sectores pol\u00edticos minoritarios, que en nuestra provincia,\u00a0 hace unos meses apoyaban las auditorias m\u00e9dicas irregulares llevadas adelante por la ANDIS y ahora se cuelgan interesadamente de una acci\u00f3n judicial, obtenida por el Organismo de la Constituci\u00f3n del Gobierno de la Provincia de Formosa, a favor de todas las personas con discapacidad\u201d, lo que habla a las claras de \u201cque contin\u00faan utilizando a los sectores m\u00e1s vulnerables de nuestra sociedad en tiempos de campa\u00f1a pol\u00edtica, sin tener rubor alguno\u201d.<\/p>\n","protected":false},"excerpt":{"rendered":"<p>-\u201cGialluca repudi\u00f3 a los sectores pol\u00edticos minoritarios, que en nuestra provincia,\u00a0 hace unos meses apoyaban las auditorias m\u00e9dicas irregulares llevadas adelante por la ANDIS y ahora se cuelgan interesadamente de una acci\u00f3n judicial, obtenida por el Organismo de la Constituci\u00f3n del Gobierno de la Provincia de Formosa, a favor de todas las personas con discapacidad\u201d, [&hellip;]<\/p>\n","protected":false},"author":1,"featured_media":16630,"comment_status":"closed","ping_status":"closed","sticky":false,"template":"","format":"standard","meta":{"footnotes":""},"categories":[1],"tags":[],"class_list":["post-16629","post","type-post","status-publish","format-standard","has-post-thumbnail","hentry","category-noticias"],"_links":{"self":[{"href":"https:\/\/defensoriaformosa.gob.ar\/index.php?rest_route=\/wp\/v2\/posts\/16629","targetHints":{"allow":["GET"]}}],"collection":[{"href":"https:\/\/defensoriaformosa.gob.ar\/index.php?rest_route=\/wp\/v2\/posts"}],"about":[{"href":"https:\/\/defensoriaformosa.gob.ar\/index.php?rest_route=\/wp\/v2\/types\/post"}],"author":[{"embeddable":true,"href":"https:\/\/defensoriaformosa.gob.ar\/index.php?rest_route=\/wp\/v2\/users\/1"}],"replies":[{"embeddable":true,"href":"https:\/\/defensoriaformosa.gob.ar\/index.php?rest_route=%2Fwp%2Fv2%2Fcomments&post=16629"}],"version-history":[{"count":1,"href":"https:\/\/defensoriaformosa.gob.ar\/index.php?rest_route=\/wp\/v2\/posts\/16629\/revisions"}],"predecessor-version":[{"id":16631,"href":"https:\/\/defensoriaformosa.gob.ar\/index.php?rest_route=\/wp\/v2\/posts\/16629\/revisions\/16631"}],"wp:featuredmedia":[{"embeddable":true,"href":"https:\/\/defensoriaformosa.gob.ar\/index.php?rest_route=\/wp\/v2\/media\/16630"}],"wp:attachment":[{"href":"https:\/\/defensoriaformosa.gob.ar\/index.php?rest_route=%2Fwp%2Fv2%2Fmedia&parent=16629"}],"wp:term":[{"taxonomy":"category","embeddable":true,"href":"https:\/\/defensoriaformosa.gob.ar\/index.php?rest_route=%2Fwp%2Fv2%2Fcategories&post=16629"},{"taxonomy":"post_tag","embeddable":true,"href":"https:\/\/defensoriaformosa.gob.ar\/index.php?rest_route=%2Fwp%2Fv2%2Ftags&post=16629"}],"curies":[{"name":"wp","href":"https:\/\/api.w.org\/{rel}","templated":true}]}}