{"id":16603,"date":"2025-10-04T21:53:08","date_gmt":"2025-10-05T00:53:08","guid":{"rendered":"https:\/\/defensoriaformosa.gob.ar\/?p=16603"},"modified":"2025-10-05T21:57:15","modified_gmt":"2025-10-06T00:57:15","slug":"se-solicito-a-la-andis-que-constituya-una-oficina-de-atencion-al-publico-en-formosa","status":"publish","type":"post","link":"https:\/\/defensoriaformosa.gob.ar\/?p=16603","title":{"rendered":"SE SOLICITO A LA ANDIS QUE CONSTITUYA UNA OFICINA DE ATENCION AL PUBLICO EN FORMOSA"},"content":{"rendered":"<p><strong>-Se inform\u00f3 que, a partir de la Resoluci\u00f3n N\u00ba 2520\/2024 de la ANDIS, todos los CUD que venzan entre el 1 de enero y el 31 de diciembre de 2025 tendr\u00e1n una pr\u00f3rroga de 1 a\u00f1o. De esta manera, su validez se extender\u00e1 hasta la misma fecha en 2026. En cuanto a los CUD vencidos antes de 2025, con fecha de renovaci\u00f3n en 2022, 2023 o 2024 deber\u00e1n renovarse en 2025, ya que no fueron incluidos en la pr\u00f3rroga-<\/strong><\/p>\n<p><!--more--><\/p>\n<p>El Defensor del Pueblo de la Provincia de Formosa, Dr. Jos\u00e9 Leonardo Gialluca, requiri\u00f3 que en el menor tiempo material posible, el actual Interventor de la ANDIS Alejandro Vilches, \u201cconstituya una -Oficina de Atenci\u00f3n al P\u00fablico- de dicha Instituci\u00f3n, con el personal suficiente y capacitado\u201d (record\u00e1ndole que en la actualidad, en la Oficina de la Superintendencia de Servicios de Salud \u2013 Sede Formosa \u2013 existe una sola persona que responde a la ANDIS), de manera tal, que los pensionados con discapacidad o familiares, de nuestra provincia, tengan la posibilidad, no solamente, de ser atendidos debidamente, sino tambi\u00e9n, de recibir toda la informaci\u00f3n en tiempo real y evitar lo que viene sucediendo en la actualidad, donde miles de beneficiarios, o pierden sus derechos o no pueden enviar virtualmente a la p\u00e1gina oficial de la ANDIS la documentaci\u00f3n que se le exige, toda vez que la misma, siempre se encuentra saturada o ca\u00edda. Gialluca rechaz\u00f3 por falaces las afirmaciones del Vocero Presidencial, Manuel Adorni, quien en conferencia de prensa la semana pasada, explic\u00f3 \u201cque una de las condiciones para conservar la pensi\u00f3n por invalidez laboral, es actualizar la direcci\u00f3n para poder recibir las notificaciones, que, por cuestiones judiciales, tienen que ser postales\u201d Sic; el Funcionario Nacional, a\u00f1adi\u00f3 adem\u00e1s, que, \u201chab\u00eda un gran n\u00famero de direcciones postales desactualizadas, lo que provoc\u00f3 que en muchos casos, quienes recib\u00edan la pensi\u00f3n, no recibieran las notificaciones\u201d, se\u00f1alando que desde ahora, se podr\u00e1 modificar los domicilios a trav\u00e9s de un bot\u00f3n en la web oficial de la ANDIS, habi\u00e9ndose abierto dos (2) nuevas sedes en CABA.<\/p>\n<p>El Funcionario Provincial, afirm\u00f3 que, esto no es verdad, pues, la empresa privada Urbano Express S.A. &#8211; Sucursal Formosa, cuando tuvo que notificar fehacientemente las Cartas Documento a las personas con discapacidad, lo hicieron desde domicilios particulares o sedes partidarias de La Libertad Avanza y llegaron hasta pretender notificar en espacios p\u00fablicos como plazas, citando a la gente mediante programas radiales, redes sociales, en todo el interior provincial, lo que deriv\u00f3 en una verdadera anarqu\u00eda desorganizada, con consecuencias que actualmente est\u00e1n pagando los titulares de los beneficios. Este fue uno de los puntos que tuvo en cuenta la Justicia Federal para conceder el primer Amparo Colectivo en el Pa\u00eds, a favor de este sector altamente vulnerable, entre las variadas irregularidades, en las -Auditorias M\u00e9dicas- que hab\u00eda implementado la ANDIS. Gialluca, advirti\u00f3 que, la actualizaci\u00f3n de domicilio es esencial en relaci\u00f3n a todas aquellas personas que son titulares de alg\u00fan beneficio o pensi\u00f3n, ya sea Nacional o Provincial, por otro lado, inform\u00f3 que, el Gobierno Nacional anunci\u00f3 importantes cambios para la renovaci\u00f3n del Certificado \u00danico de Discapacidad (CUD), garantizando la continuidad de los derechos de las personas con discapacidad, por lo cual, a partir de la Resoluci\u00f3n N\u00ba 2520\/2024 de la ANDIS, todos los CUD que venzan entre el 1 de enero y el 31 de diciembre de 2025 tendr\u00e1n una pr\u00f3rroga de un a\u00f1o. De esta manera, su validez se extender\u00e1 hasta la misma fecha en 2026.<\/p>\n<p>En cuanto a los CUD vencidos antes de 2025, con fecha de renovaci\u00f3n en 2022, 2023 o 2024 deber\u00e1n renovarse en 2025, ya que no se incluyen en la pr\u00f3rroga. Record\u00f3 que, entre los beneficios del CUD, se encuentran, el acceso gratuito al transporte p\u00fablico, cobertura m\u00e9dica y exenciones fiscales como algunos de los derechos garantizados. En consecuencia, todos los interesados deber\u00e1n renovar durante este a\u00f1o el CUD, gestionando un turno ante la Junta Evaluadora de Discapacidad, ubicada en calle Belgrano N\u00ba 426 de la Ciudad de Formosa.<\/p>\n","protected":false},"excerpt":{"rendered":"<p>-Se inform\u00f3 que, a partir de la Resoluci\u00f3n N\u00ba 2520\/2024 de la ANDIS, todos los CUD que venzan entre el 1 de enero y el 31 de diciembre de 2025 tendr\u00e1n una pr\u00f3rroga de 1 a\u00f1o. De esta manera, su validez se extender\u00e1 hasta la misma fecha en 2026. En cuanto a los CUD vencidos [&hellip;]<\/p>\n","protected":false},"author":1,"featured_media":16604,"comment_status":"closed","ping_status":"closed","sticky":false,"template":"","format":"standard","meta":{"footnotes":""},"categories":[1],"tags":[],"class_list":["post-16603","post","type-post","status-publish","format-standard","has-post-thumbnail","hentry","category-noticias"],"_links":{"self":[{"href":"https:\/\/defensoriaformosa.gob.ar\/index.php?rest_route=\/wp\/v2\/posts\/16603","targetHints":{"allow":["GET"]}}],"collection":[{"href":"https:\/\/defensoriaformosa.gob.ar\/index.php?rest_route=\/wp\/v2\/posts"}],"about":[{"href":"https:\/\/defensoriaformosa.gob.ar\/index.php?rest_route=\/wp\/v2\/types\/post"}],"author":[{"embeddable":true,"href":"https:\/\/defensoriaformosa.gob.ar\/index.php?rest_route=\/wp\/v2\/users\/1"}],"replies":[{"embeddable":true,"href":"https:\/\/defensoriaformosa.gob.ar\/index.php?rest_route=%2Fwp%2Fv2%2Fcomments&post=16603"}],"version-history":[{"count":1,"href":"https:\/\/defensoriaformosa.gob.ar\/index.php?rest_route=\/wp\/v2\/posts\/16603\/revisions"}],"predecessor-version":[{"id":16605,"href":"https:\/\/defensoriaformosa.gob.ar\/index.php?rest_route=\/wp\/v2\/posts\/16603\/revisions\/16605"}],"wp:featuredmedia":[{"embeddable":true,"href":"https:\/\/defensoriaformosa.gob.ar\/index.php?rest_route=\/wp\/v2\/media\/16604"}],"wp:attachment":[{"href":"https:\/\/defensoriaformosa.gob.ar\/index.php?rest_route=%2Fwp%2Fv2%2Fmedia&parent=16603"}],"wp:term":[{"taxonomy":"category","embeddable":true,"href":"https:\/\/defensoriaformosa.gob.ar\/index.php?rest_route=%2Fwp%2Fv2%2Fcategories&post=16603"},{"taxonomy":"post_tag","embeddable":true,"href":"https:\/\/defensoriaformosa.gob.ar\/index.php?rest_route=%2Fwp%2Fv2%2Ftags&post=16603"}],"curies":[{"name":"wp","href":"https:\/\/api.w.org\/{rel}","templated":true}]}}