{"id":16599,"date":"2025-10-02T09:52:37","date_gmt":"2025-10-02T12:52:37","guid":{"rendered":"https:\/\/defensoriaformosa.gob.ar\/?p=16599"},"modified":"2025-10-03T09:56:02","modified_gmt":"2025-10-03T12:56:02","slug":"nuevo-aumento-de-energia-electrica-dispuesto-por-nacion-golpea-el-bolsillo-de-los-usuarios-formosenos","status":"publish","type":"post","link":"https:\/\/defensoriaformosa.gob.ar\/?p=16599","title":{"rendered":"NUEVO AUMENTO DE ENERG\u00cdA EL\u00c9CTRICA DISPUESTO POR NACI\u00d3N GOLPEA EL BOLSILLO DE LOS USUARIOS FORMOSE\u00d1OS"},"content":{"rendered":"<p><strong>-Con el incremento otorgado por el Gobierno de Formosa, el \u201cSMVM\u201d en nuestra Provincia qued\u00f3 en $ 880.000, mientras que, a nivel nacional se mantiene en $ 322.000, \u201cy es aqu\u00ed donde advertimos que el P.E.N. decide y acompa\u00f1a los aumentos otorgados, que se han alineado con la postura empresarial, quedando rezagados frente al actual costo de vida\u201d, monto este que, adem\u00e1s, coincide con los SMVM del resto de las Provincias del NEA-<\/strong><\/p>\n<p><!--more--><\/p>\n<p>Desde la Defensor\u00eda del Pueblo de la Provincia, se inform\u00f3 que la Secretar\u00eda de Energ\u00eda del Gobierno Nacional, mediante Resoluci\u00f3n N\u00ba 383\/2025, dispuso un incremento promedio del 1,95% en el costo de la energ\u00eda el\u00e9ctrica. El mismo recae sobre la demanda de Agentes Distribuidores y\/o o Prestadores del Servicio P\u00fablico de Distribuci\u00f3n del Mercado Mayorista El\u00e9ctrico y es aplicado con vigencia de un mes, como un pron\u00f3stico de nuevas y mayores alzas en noviembre. Concretamente, las tarifas de luz aumentaron en todo el pa\u00eds 1,95%, la suba es producto de una combinaci\u00f3n de distintos factores que incluyen, la inflaci\u00f3n del INDEC y los diferentes precios de producci\u00f3n, transporte y distribuci\u00f3n. Esta medida responde a la pol\u00edtica de actualizaci\u00f3n de precios impulsada por el Ministerio de Econom\u00eda y la Secretar\u00eda de Energ\u00eda, en el marco de la emergencia energ\u00e9tica y econ\u00f3mica que atraviesa el pa\u00eds desde diciembre de 2023, justificando la necesidad de continuar con la \u201ccorrecci\u00f3n de los precios relativos de la econom\u00eda\u201d, incluyendo los sectores de gas natural y energ\u00eda el\u00e9ctrica. Adem\u00e1s, se dispuso que las tarifas de transporte y distribuci\u00f3n el\u00e9ctrica se incrementen seg\u00fan los resultados de las Revisiones Tarifarias Quinquenales realizadas por el ENRE.<\/p>\n<p>La Resoluci\u00f3n tambi\u00e9n contempla el esquema de segmentaci\u00f3n tarifaria vigente. Para los usuarios residenciales de Nivel 2 (menores ingresos) y Nivel 3 (ingresos medios), se mantendr\u00e1n las bonificaciones y topes de consumo establecidos por la Secretar\u00eda de Energ\u00eda, los cuales, contin\u00faan perjudicando a los usuarios del -Norte Argentino-, dado que, con las altas temperaturas y mayores consumos, el 90% de los mismos, directamente es ubicado por el Gobierno Nacional, en el Segmento Nivel 1, pagando sumas excesivas y que no contemplan ning\u00fan tipo de beneficio, como los de N2 y N3. Adem\u00e1s, se incorpora las \u201cDiferencias Diarias Acumuladas\u201d (DDA) resultantes de ajustes previos, una novedad metodol\u00f3gica que incide directamente en el c\u00e1lculo tarifario. La novedad, llega en un momento en el que el bolsillo de los usuarios y consumidores argentinos, en general, se encuentra cada vez m\u00e1s debilitado. En el inicio del mes de octubre, no solamente la energ\u00eda el\u00e9ctrica recibi\u00f3 un aumento, sino tambi\u00e9n se dieron fuertes subas en diferentes rubros, como alquileres, prepagas, colegios privados, combustibles, cuyos precios ya se elevaron en m\u00e1s del 208,9 % desde que asumi\u00f3 Javier Milei a la Presidencia. En cuanto a la energ\u00eda el\u00e9ctrica, los ajustes son determinados por diversos factores que inciden, como ser la inflaci\u00f3n (constantemente negada y tachada de no ser representativa de los movimientos de precios y del poder adquisitivo de los consumidores) y los mayores costos de funcionamiento en los sectores energ\u00e9ticos de producci\u00f3n, transporte y distribuci\u00f3n.<\/p>\n<p>Con relaci\u00f3n a este particular, el Ombudsman Provincial, Dr. Jos\u00e9 Leonardo Gialluca, expres\u00f3: \u201cLos usuarios y consumidores de todo el pa\u00eds est\u00e1n no solamente sobreendeudados, dado el incremento permanente de precios y servicios desregulados por el Gobierno Nacional, que coincide con la p\u00e9rdida del poder adquisitivo operada luego de la devaluaci\u00f3n dispuesta por el mismo en diciembre de 2023, siendo que desde ese momento, los ingresos de los asalariados han retrocedido de manera tal que, a casi dos a\u00f1os de sucedido, no se recuperan los niveles de consumo que exist\u00edan hasta noviembre de dicho a\u00f1o\u201d. Por ello, todo incremento en servicios p\u00fablicos, afecta gravemente a los usuarios y a los consumidores que, saben que estas subas, en rubros como la energ\u00eda el\u00e9ctrica o los combustibles, inexorablemente se trasladan a los costos de los productos b\u00e1sicos de la canasta familiar y a otros bienes y servicios. Ahora, con el incremento dispuesto por el Gobierno de Formosa, el SMVM en nuestra Provincia qued\u00f3 en $ 880.000, mientras que, a nivel nacional se mantiene en $ 322.000, \u201cy es aqu\u00ed donde advertimos que el P.E.N. decide y acompa\u00f1a los aumentos otorgados, que se han alineado con la postura empresarial, quedando rezagados frente al actual costo de vida\u201d, monto, adem\u00e1s, que coincide con los SMVM del resto de las Provincias del NEA.<\/p>\n","protected":false},"excerpt":{"rendered":"<p>-Con el incremento otorgado por el Gobierno de Formosa, el \u201cSMVM\u201d en nuestra Provincia qued\u00f3 en $ 880.000, mientras que, a nivel nacional se mantiene en $ 322.000, \u201cy es aqu\u00ed donde advertimos que el P.E.N. decide y acompa\u00f1a los aumentos otorgados, que se han alineado con la postura empresarial, quedando rezagados frente al actual [&hellip;]<\/p>\n","protected":false},"author":1,"featured_media":16600,"comment_status":"closed","ping_status":"closed","sticky":false,"template":"","format":"standard","meta":{"footnotes":""},"categories":[1],"tags":[],"class_list":["post-16599","post","type-post","status-publish","format-standard","has-post-thumbnail","hentry","category-noticias"],"_links":{"self":[{"href":"https:\/\/defensoriaformosa.gob.ar\/index.php?rest_route=\/wp\/v2\/posts\/16599","targetHints":{"allow":["GET"]}}],"collection":[{"href":"https:\/\/defensoriaformosa.gob.ar\/index.php?rest_route=\/wp\/v2\/posts"}],"about":[{"href":"https:\/\/defensoriaformosa.gob.ar\/index.php?rest_route=\/wp\/v2\/types\/post"}],"author":[{"embeddable":true,"href":"https:\/\/defensoriaformosa.gob.ar\/index.php?rest_route=\/wp\/v2\/users\/1"}],"replies":[{"embeddable":true,"href":"https:\/\/defensoriaformosa.gob.ar\/index.php?rest_route=%2Fwp%2Fv2%2Fcomments&post=16599"}],"version-history":[{"count":1,"href":"https:\/\/defensoriaformosa.gob.ar\/index.php?rest_route=\/wp\/v2\/posts\/16599\/revisions"}],"predecessor-version":[{"id":16601,"href":"https:\/\/defensoriaformosa.gob.ar\/index.php?rest_route=\/wp\/v2\/posts\/16599\/revisions\/16601"}],"wp:featuredmedia":[{"embeddable":true,"href":"https:\/\/defensoriaformosa.gob.ar\/index.php?rest_route=\/wp\/v2\/media\/16600"}],"wp:attachment":[{"href":"https:\/\/defensoriaformosa.gob.ar\/index.php?rest_route=%2Fwp%2Fv2%2Fmedia&parent=16599"}],"wp:term":[{"taxonomy":"category","embeddable":true,"href":"https:\/\/defensoriaformosa.gob.ar\/index.php?rest_route=%2Fwp%2Fv2%2Fcategories&post=16599"},{"taxonomy":"post_tag","embeddable":true,"href":"https:\/\/defensoriaformosa.gob.ar\/index.php?rest_route=%2Fwp%2Fv2%2Ftags&post=16599"}],"curies":[{"name":"wp","href":"https:\/\/api.w.org\/{rel}","templated":true}]}}