{"id":16596,"date":"2025-10-01T19:26:29","date_gmt":"2025-10-01T22:26:29","guid":{"rendered":"https:\/\/defensoriaformosa.gob.ar\/?p=16596"},"modified":"2025-10-01T19:26:29","modified_gmt":"2025-10-01T22:26:29","slug":"denuncian-que-la-privatizacion-de-nucleoelectrica-deja-al-pais-sin-un-elemento-clave-para-el-futuro-energetico-y-que-participe-de-la-industria-internacional-de-reactores-nucleares","status":"publish","type":"post","link":"https:\/\/defensoriaformosa.gob.ar\/?p=16596","title":{"rendered":"DENUNCIAN QUE LA PRIVATIZACION DE NUCLEOELECTRICA DEJA AL PAIS SIN UN ELEMENTO CLAVE PARA EL FUTURO ENERGETICO Y QUE PARTICIPE DE LA INDUSTRIA INTERNACIONAL DE REACTORES NUCLEARES"},"content":{"rendered":"<p><strong>-\u201cLa privatizaci\u00f3n de Nucleoel\u00e9ctrica, que no es una empresa deficitaria, significa la desactivaci\u00f3n del Plan Nuclear Argentino, la paralizaci\u00f3n del Carem y fuga de cerebros\u201d. Se advirti\u00f3 que, tambi\u00e9n existe una grave contradicci\u00f3n legal y econ\u00f3mica. Por un lado, la Ley 24.804 exige que las tres centrales nucleares del pa\u00eds sean operadas de manera conjunta por una sola empresa, lo que garantiza al sector privado ganancias millonarias. Por otra parte, la Ley 25.018 (R\u00e9gimen de Gesti\u00f3n de Residuos Radiactivos), establece que la CNEA, es decir el Estado, debe hacerse cargo de los mismos. Aqu\u00ed surge el absurdo es que un privado se quedar\u00e1 con las ganancias, mientras que el Estado seguir\u00e1 asumiendo los costos y riesgos de los desechos nucleares. Este hecho contradice la justificaci\u00f3n del gobierno de querer privatizar la empresa para ponerle \u2018\u2019fin al Estado Empresario, aquel que se atribu\u00eda funciones impropias a costa de derrochar recursos de los argentinos\u2019\u2019.<\/strong><\/p>\n<p><!--more--><\/p>\n<p>El Defensor del Pueblo de la Provincia de Formosa, Dr. Jos\u00e9 Leonardo Gialluca, le reclam\u00f3 al Presidente Javier Milei, al Ministro de Econom\u00eda Luis Caputo e Inst\u00f3 al Jefe de Gabinete de Ministros Dr. Guillermo Alberto Francos, al Presidente de la Comisi\u00f3n Nacional de Energ\u00eda At\u00f3mica Dr. Ing. Germ\u00e1n Guido Lavalle, como as\u00ed tambi\u00e9n, al Presidente de la C\u00e1mara de Diputados de la Naci\u00f3n Mart\u00edn Menem, a la Vicepresidenta y Presidenta del Senado Victoria Villarruel y a la Comisi\u00f3n de Miner\u00eda, Energ\u00eda y Combustibles del Senado, que preside Flavio Fama, \u201cque dejen sin efecto el Decreto N\u00ba 695\/2025 publicado en el B.O. y por el cual, se privatiz\u00f3 parcialmente, habilit\u00e1ndose la venta del 44% de la -Comisi\u00f3n Nacional de Energ\u00eda At\u00f3mica- y dejando el 51% en manos del Estado, a trav\u00e9s de la Secretar\u00eda de Energ\u00eda, quedando el porcentaje restante, a cargo de los trabajadores del sector\u201d, como as\u00ed tambi\u00e9n, la Unidad Ejecutora Especial Temporaria denominada Agencia de Transformaci\u00f3n de Empresas P\u00fablicas, que ser\u00e1 la encargada de continuar con el proceso de venta de acciones, siendo responsable del remate, la Secretaria de Trabajo, Empleo y Seguridad Social y la Direcci\u00f3n de Normalizaci\u00f3n Patrimonial. El Ombudsman Provincial, fund\u00f3 su requisitoria en que, la -Ley Bases (Ley N\u00ba 27.742)-, no derog\u00f3, ni dej\u00f3 sin efecto la Ley N\u00ba 24.804, que regula la actividad nuclear en Argentina.<\/p>\n<p>La misma se enfoca en la reforma de la administraci\u00f3n p\u00fablica, econom\u00eda, empleo y otras \u00e1reas, mientras que la Ley N\u00ba 24.804 contin\u00faa vigente y a cargo de la Comisi\u00f3n Nacional de Energ\u00eda At\u00f3mica (CNEA) y la Autoridad Regulatoria Nuclear (ARN) para las funciones nucleares, estableciendo que en esta materia, el Estado Nacional fijar\u00e1 la pol\u00edtica y ejercer\u00e1 las funciones de investigaci\u00f3n y desarrollo a trav\u00e9s de la Comisi\u00f3n Nacional de Energ\u00eda At\u00f3mica (CNEA) y la de regulaci\u00f3n y fiscalizaci\u00f3n, con jurisdicci\u00f3n nacional, a trav\u00e9s de la Autoridad Regulatoria Nuclear. Gialluca a\u00f1adi\u00f3 que, no debemos olvidarnos a todos aquellos que votaron la Ley Bases, paquete de medidas que van desde delegaciones de poderes al Ejecutivo, privatizaciones, derogaci\u00f3n de la moratoria previsional, modificaciones en el impuesto a las ganancias y monotributo, disoluci\u00f3n de organismos p\u00fablicos, intervenciones, fondos fiduciarios y reforma laboral, entre otros. El Funcionario Provincial, advirti\u00f3 que, la oposici\u00f3n en el Congreso se preparaba para poner en debate la protecci\u00f3n del sistema nuclear nacional, pero el Ejecutivo Nacional dispuso por Decreto la privatizaci\u00f3n del 44 por ciento del paquete accionario de Nucleol\u00e9ctrica Argentina (NASA), la sociedad an\u00f3nima que opera las tres centrales nucleares que aportan energ\u00eda al sistema el\u00e9ctrico nacional. Esta decisi\u00f3n de poner en manos privadas un bien estrat\u00e9gico y clave para el pa\u00eds, responde a dos cuestiones inmediatas: ganarle de mano al Congreso que ten\u00eda la intenci\u00f3n de declarar a esa empresa como un \u201cbien no enajenable\u201d y para ello era necesario derogar el art\u00edculo 8 de la Ley de Bases y garantizarse una entrada de d\u00f3lares para sostener un plan econ\u00f3mico que fuga divisas permanentemente, por lo cual, la privatizaci\u00f3n parcial fue posible por la vigencia de esta norma, aprobada por oficialistas y aliados en 2024. El cartel de venta de la empresa creada en 1994 y que opera las centrales nucleares Atucha I, Atucha II y Embalse de R\u00edo Tercero, fue colgado con los mismos argumentos de siempre: \u201cque los capitales privados son los medios m\u00e1s id\u00f3neos para su financiamiento y que solo as\u00ed operar\u00e1n de manera eficiente y competitiva, tal como dice el decreto\u201d.<\/p>\n<p>El titular de la bancada de Uni\u00f3n por la Patria en el Senado, Jos\u00e9 Mayans, hab\u00eda asegurado la existencia de un acuerdo entre varios bloques para que el tema sea tratado en la sesi\u00f3n prevista para el pr\u00f3ximo jueves 2 de octubre, cuando la C\u00e1mara alta tambi\u00e9n trate los vetos contra la Emergencia en Pediatr\u00eda (Garrahan) y de Financiamiento Universitario.<\/p>\n","protected":false},"excerpt":{"rendered":"<p>-\u201cLa privatizaci\u00f3n de Nucleoel\u00e9ctrica, que no es una empresa deficitaria, significa la desactivaci\u00f3n del Plan Nuclear Argentino, la paralizaci\u00f3n del Carem y fuga de cerebros\u201d. Se advirti\u00f3 que, tambi\u00e9n existe una grave contradicci\u00f3n legal y econ\u00f3mica. Por un lado, la Ley 24.804 exige que las tres centrales nucleares del pa\u00eds sean operadas de manera conjunta [&hellip;]<\/p>\n","protected":false},"author":1,"featured_media":16597,"comment_status":"closed","ping_status":"closed","sticky":false,"template":"","format":"standard","meta":{"footnotes":""},"categories":[1],"tags":[],"class_list":["post-16596","post","type-post","status-publish","format-standard","has-post-thumbnail","hentry","category-noticias"],"_links":{"self":[{"href":"https:\/\/defensoriaformosa.gob.ar\/index.php?rest_route=\/wp\/v2\/posts\/16596","targetHints":{"allow":["GET"]}}],"collection":[{"href":"https:\/\/defensoriaformosa.gob.ar\/index.php?rest_route=\/wp\/v2\/posts"}],"about":[{"href":"https:\/\/defensoriaformosa.gob.ar\/index.php?rest_route=\/wp\/v2\/types\/post"}],"author":[{"embeddable":true,"href":"https:\/\/defensoriaformosa.gob.ar\/index.php?rest_route=\/wp\/v2\/users\/1"}],"replies":[{"embeddable":true,"href":"https:\/\/defensoriaformosa.gob.ar\/index.php?rest_route=%2Fwp%2Fv2%2Fcomments&post=16596"}],"version-history":[{"count":1,"href":"https:\/\/defensoriaformosa.gob.ar\/index.php?rest_route=\/wp\/v2\/posts\/16596\/revisions"}],"predecessor-version":[{"id":16598,"href":"https:\/\/defensoriaformosa.gob.ar\/index.php?rest_route=\/wp\/v2\/posts\/16596\/revisions\/16598"}],"wp:featuredmedia":[{"embeddable":true,"href":"https:\/\/defensoriaformosa.gob.ar\/index.php?rest_route=\/wp\/v2\/media\/16597"}],"wp:attachment":[{"href":"https:\/\/defensoriaformosa.gob.ar\/index.php?rest_route=%2Fwp%2Fv2%2Fmedia&parent=16596"}],"wp:term":[{"taxonomy":"category","embeddable":true,"href":"https:\/\/defensoriaformosa.gob.ar\/index.php?rest_route=%2Fwp%2Fv2%2Fcategories&post=16596"},{"taxonomy":"post_tag","embeddable":true,"href":"https:\/\/defensoriaformosa.gob.ar\/index.php?rest_route=%2Fwp%2Fv2%2Ftags&post=16596"}],"curies":[{"name":"wp","href":"https:\/\/api.w.org\/{rel}","templated":true}]}}