{"id":16593,"date":"2025-10-01T00:30:26","date_gmt":"2025-10-01T03:30:26","guid":{"rendered":"https:\/\/defensoriaformosa.gob.ar\/?p=16593"},"modified":"2025-10-01T00:30:26","modified_gmt":"2025-10-01T03:30:26","slug":"la-camara-federal-de-resistencia-indico-al-gobierno-nacional-andis-que-no-puede-acudir-a-la-csjn-en-el-amparo-a-favor-de-las-personas-con-discapacidad","status":"publish","type":"post","link":"https:\/\/defensoriaformosa.gob.ar\/?p=16593","title":{"rendered":"LA CAMARA FEDERAL DE RESISTENCIA INDICO AL GOBIERNO NACIONAL \u2013 ANDIS QUE NO PUEDE ACUDIR A LA CSJN EN EL AMPARO A FAVOR DE LAS PERSONAS CON DISCAPACIDAD"},"content":{"rendered":"<p><strong>-La semana que viene comenzar\u00e1n a cobrar, \u201cla totalidad de los fondos que les corresponden, a partir siempre de la fecha en que se los suspendieron o dieron de baja sus pensiones, a esto se le agrega, otra suma de dinero, que corresponde al Sistema \u00danico de Asignaciones Familiares (SUAF), que es un pago mensual, que abona ANSES por cada hija\/o menor de 18 a\u00f1os, o sin l\u00edmite de edad en el caso de hija\/o con discapacidad-<\/strong><\/p>\n<p><!--more--><\/p>\n<p>La Presidenta de la C\u00e1mara Federal de Resistencia \u2013 Chaco, Dra. Roc\u00edo Alcala, \u201cadvirti\u00f3 a la ANDIS que el Recurso Extraordinario Federal interpuesto debi\u00f3 ser presentado directamente ante la CSJN conforme lo dispuesto por el CPCCN y Acordadas N\u00ba 04\/2007, 03\/2012 y 25\/2023\u201d, por lo cual, se orden\u00f3 el archivo de los escritos err\u00f3neamente presentados por el Gobierno Nacional, para un mejor ordenamiento procesal. En este sentido, el Ombudsman Provincial, Dr. Jos\u00e9 Leonardo Gialluca, se\u00f1al\u00f3 a todos los beneficiarios de pensiones por discapacidad de la Provincia de Formosa, que la semana que viene comenzar\u00e1n a cobrar, \u201cla totalidad de los fondos que les corresponden, a partir siempre de la fecha en que se los suspendieron o dieron de baja sus pensiones, a esto se le agrega, otra suma de dinero, que corresponde al Sistema \u00danico de Asignaciones Familiares (SUAF), que es un pago mensual, que abona ANSES por cada hija\/o menor de 18 a\u00f1os, o sin l\u00edmite de edad en el caso de hija\/o con discapacidad\u201d. Advirti\u00f3 el Funcionario Provincial que, este \u00faltimo \u00edtem si no es reactivado, se debe reclamarlo ante las oficinas de la ANSES y por ello, sugiri\u00f3 controlar todo lo que se le deposite.<\/p>\n<p>En cuanto a la modalidad de cobro, cada persona deber\u00e1 proceder como habitualmente lo hac\u00eda, seg\u00fan el lugar donde reside. Por otro lado, se concret\u00f3 una fuerte instancia a la ANDIS, a cargo de Alejandro Vilches, al Ministerio de Salud de la Naci\u00f3n, a cargo de Mario Lugones y a la Jefatura de Gabinete de Ministros, a cargo de Guillermo Francos, para que aborden la atenci\u00f3n de las personas con discapacidad en nuestro pa\u00eds, desde un enfoque social y de derechos humanos, en el que se tenga en cuenta todos los elementos que hacen a la integraci\u00f3n de las mismas, mediante la eliminaci\u00f3n de las barreras sociales actualmente existentes, a fin de lograr la integraci\u00f3n de un colectivo sumamente vulnerable de nuestra comunidad. Consultado sobre el particular, Gialluca, expres\u00f3: \u201cNo hemos hecho m\u00e1s que requerir al Estado Nacional que acoja las recomendaciones realizadas, de manera conjunta por el Fondo de Poblaci\u00f3n de las Naciones Unidas (Unfda) y la Comisi\u00f3n Econ\u00f3mica para Am\u00e9rica Latina y el Caribe (Cepal), en su informe conjunto titulado: \u201cLa visibilidad estad\u00edstica de las personas con discapacidad es un elemento esencial para el dise\u00f1o y la implementaci\u00f3n de pol\u00edticas p\u00fablicas, con miras a alcanzar la igualdad efectiva y la inclusi\u00f3n de estas personas en la sociedad\u201d. Por ello, hemos expresado a los funcionarios Nacionales, nuestro profundo desagrado por pretender considerar a la discapacidad de las personas como un mero \u201cproblema m\u00e9dico\u201d atendible con tratamientos y medicamentos, como lo han demostrado con el dictado de diversas normas del P.E.N. y sus organismos dependientes, Decreto 843\/2024, la Resoluci\u00f3n 187\/2025\u00a0y la 1175\/2025 de la ANDIS. Exigimos entonces, el cambio de este rumbo, enfatizando que la asistencia que, debe brindar el Estado a las personas con discapacidad, supera los criterios biol\u00f3gicos y debe ser abordada desde una concepci\u00f3n humana, partiendo de bases de informaci\u00f3n s\u00f3lidas, derivadas de encuestas y censos realizados por personas debidamente capacitadas a fin de, por un lado, evitar la subnumeraci\u00f3n de los casos y, por el otro, asegurar la adecuada consideraci\u00f3n de las circunstancias particulares de cada uno.<\/p>\n<p>Hemos remarcado en la Instancia que realizamos, finaliz\u00f3 diciendo el funcionario: Las personas con discapacidad, no son meros n\u00fameros en un presupuesto, son seres humanos que poseen limitantes que inciden en el desarrollo de sus actividades socioecon\u00f3micas y respecto de las cuales la sociedad toda, por medio de sus autoridades, debe considerar esas circunstancias a fin de desplegar pol\u00edticas p\u00fablicas que las contengan y les brinden la atenci\u00f3n que merecen.<\/p>\n","protected":false},"excerpt":{"rendered":"<p>-La semana que viene comenzar\u00e1n a cobrar, \u201cla totalidad de los fondos que les corresponden, a partir siempre de la fecha en que se los suspendieron o dieron de baja sus pensiones, a esto se le agrega, otra suma de dinero, que corresponde al Sistema \u00danico de Asignaciones Familiares (SUAF), que es un pago mensual, [&hellip;]<\/p>\n","protected":false},"author":1,"featured_media":16594,"comment_status":"closed","ping_status":"closed","sticky":false,"template":"","format":"standard","meta":{"footnotes":""},"categories":[1],"tags":[],"class_list":["post-16593","post","type-post","status-publish","format-standard","has-post-thumbnail","hentry","category-noticias"],"_links":{"self":[{"href":"https:\/\/defensoriaformosa.gob.ar\/index.php?rest_route=\/wp\/v2\/posts\/16593","targetHints":{"allow":["GET"]}}],"collection":[{"href":"https:\/\/defensoriaformosa.gob.ar\/index.php?rest_route=\/wp\/v2\/posts"}],"about":[{"href":"https:\/\/defensoriaformosa.gob.ar\/index.php?rest_route=\/wp\/v2\/types\/post"}],"author":[{"embeddable":true,"href":"https:\/\/defensoriaformosa.gob.ar\/index.php?rest_route=\/wp\/v2\/users\/1"}],"replies":[{"embeddable":true,"href":"https:\/\/defensoriaformosa.gob.ar\/index.php?rest_route=%2Fwp%2Fv2%2Fcomments&post=16593"}],"version-history":[{"count":1,"href":"https:\/\/defensoriaformosa.gob.ar\/index.php?rest_route=\/wp\/v2\/posts\/16593\/revisions"}],"predecessor-version":[{"id":16595,"href":"https:\/\/defensoriaformosa.gob.ar\/index.php?rest_route=\/wp\/v2\/posts\/16593\/revisions\/16595"}],"wp:featuredmedia":[{"embeddable":true,"href":"https:\/\/defensoriaformosa.gob.ar\/index.php?rest_route=\/wp\/v2\/media\/16594"}],"wp:attachment":[{"href":"https:\/\/defensoriaformosa.gob.ar\/index.php?rest_route=%2Fwp%2Fv2%2Fmedia&parent=16593"}],"wp:term":[{"taxonomy":"category","embeddable":true,"href":"https:\/\/defensoriaformosa.gob.ar\/index.php?rest_route=%2Fwp%2Fv2%2Fcategories&post=16593"},{"taxonomy":"post_tag","embeddable":true,"href":"https:\/\/defensoriaformosa.gob.ar\/index.php?rest_route=%2Fwp%2Fv2%2Ftags&post=16593"}],"curies":[{"name":"wp","href":"https:\/\/api.w.org\/{rel}","templated":true}]}}