{"id":16590,"date":"2025-09-29T00:25:00","date_gmt":"2025-09-29T03:25:00","guid":{"rendered":"https:\/\/defensoriaformosa.gob.ar\/?p=16590"},"modified":"2025-10-01T00:28:04","modified_gmt":"2025-10-01T03:28:04","slug":"denuncian-ante-cammesa-enre-secretaria-de-energia-y-transnea-la-falta-de-infraestructura-de-transporte-de-alta-tension-lo-que-provocaria-cortes-y-colapsos-energeticos","status":"publish","type":"post","link":"https:\/\/defensoriaformosa.gob.ar\/?p=16590","title":{"rendered":"DENUNCIAN ANTE CAMMESA, ENRE, SECRETARIA DE ENERGIA Y TRANSNEA, LA FALTA DE INFRAESTRUCTURA DE TRANSPORTE DE ALTA TENSION LO QUE PROVOCARIA CORTES Y COLAPSOS ENERGETICOS"},"content":{"rendered":"<p><strong>-El Fiscal General de la C\u00e1mara Federal de Apelaciones de Chaco, Dr. Federico M. Carniel, rechaz\u00f3 el pedido de la Secretaria de Energ\u00eda de Naci\u00f3n, que pidi\u00f3 que la Acci\u00f3n de Amparo Colectiva interpuesta oportunamente para rehabilitar la Interconexi\u00f3n Internacional Clorinda \u2013 ET Guarambar\u00e9, tramite por ante los estrados judiciales de CABA, con lo cual, el juicio continuar\u00e1 por ante la Justicia Federal de la Provincia de Formosa\u00ac-<\/strong><\/p>\n<p><!--more--><\/p>\n<p>El Defensor del Pueblo, Dr. Jos\u00e9 Leonardo Gialluca, DENUNCI\u00d3 ante CAMMESA (Compa\u00f1\u00eda Administradora del Mercado Mayorista El\u00e9ctrico S.A.) cuya Presidencia del Directorio ejerce la Lic. Mar\u00eda Carmen Tettamanti, siendo su funci\u00f3n principal la de coordinar y despachar la generaci\u00f3n de electricidad, para mantener el equilibrio entre la oferta y la demanda, asegurando el suministro el\u00e9ctrico y operando la red de alta tensi\u00f3n en todo el Pa\u00eds, como as\u00ed tambi\u00e9n, ante la Secretaria de Energ\u00eda de Naci\u00f3n y la Empresa TRANSNEA S.A. Concesionaria, encargada de operar y mantener la Red Regional de Transporte de Energ\u00eda El\u00e9ctrica en las Provincias de Formosa, Chaco, Corrientes y Entre R\u00edos; su funci\u00f3n es transportar la energ\u00eda el\u00e9ctrica desde los generadores, hacia las distribuidoras, entre ellas (REFSA) y los grandes usuarios dentro de esta regi\u00f3n, \u201cque la infraestructura de transporte energ\u00e9tico de alta tensi\u00f3n, es cada vez m\u00e1s fr\u00e1gil, por falta de inversiones del Gobierno Nacional, hecho que viene desde hace m\u00e1s de dos d\u00e9cadas y que se agrav\u00f3 con el Gobierno de Javier Milei, a lo que se le suma que, el Servicio Meteorol\u00f3gico Nacional (SMN), difundi\u00f3 un -Informe Clim\u00e1tico Trimestral- advirtiendo que, desde octubre hasta diciembre, gran parte de la Argentina, tendr\u00e1 valores t\u00e9rmicos superiores a los normales, donde las probabilidades de calor an\u00f3malo se ubicar\u00e1n por encima de las temperaturas para dicho periodo\u201d.<\/p>\n<p>El Ombudsman Provincial, en comunicaci\u00f3n con el Interventor de la DPEC (Direcci\u00f3n Provincial de Energ\u00eda de Corrientes), Cr. Alfredo Horacio Aun, coincidieron que el Sistema Argentino de Interconexi\u00f3n (SADI), podr\u00eda sufrir colapsos o incluso falta de generaci\u00f3n energ\u00e9tica y que, la dependencia de importaciones desde Brasil, Paraguay y Uruguay, agrega un factor de incertidumbre. Si alguna sequ\u00eda golpea a las represas de la regi\u00f3n, Argentina podr\u00eda quedarse sin el respaldo externo necesario para abastecer su pico de consumo. En este contexto, el Gobierno Nacional reconoce la gravedad del escenario, pero a\u00fan no concret\u00f3 soluciones. La Secretar\u00eda de Energ\u00eda lanz\u00f3 en los \u00faltimos meses una licitaci\u00f3n para sumar bater\u00edas de almacenamiento en zonas cr\u00edticas del AMBA, pero los proyectos adjudicados reci\u00e9n estar\u00edan operativos en 12 a 18 meses. Es decir, no servir\u00e1n para el verano que iniciar\u00e1 en el corriente a\u00f1o. Las obras estructurales siguen siendo promesas. El Ejecutivo Nacional identific\u00f3 como prioritarias tres grandes l\u00edneas de 500 kV: Amba I (entre Atucha y Ezeiza), R\u00edo Diamante-Charlone-O\u2019Higgins (Mendoza-Buenos Aires) y Puerto Madryn-Choele Choel-Bah\u00eda Blanca. Todas demandan inversiones superiores a los 2.000 millones de d\u00f3lares. PERO MIENTRAS LAS DISCUSIONES AVANZAN EN DESPACHOS DE CABA, LAS PROVINCIAS COMO FORMOSA, CHACO, CORRIENTES Y MISIONES, SIGUEN PADECIENDO LAS CONSECUENCIAS DE LA CENTRALIZACI\u00d3N, A LO QUE GIALLUCA AGREG\u00d3 QUE, SON LOS USUARIOS RESIDENCIALES, COMERCIALES, PYMES E INDUSTRIALES, LOS QUE TERMINAN PAGANDO LOS COSTOS DE ESTA CENTRALIZACI\u00d3N. A\u00f1adi\u00f3 el Funcionario Provincial que, la falta de planificaci\u00f3n energ\u00e9tica amenaza con repetir los apagones de los \u00faltimos veranos.<\/p>\n<p>El a\u00f1o pasado Formosa sufri\u00f3 interrupciones prolongadas durante d\u00edas de m\u00e1s de 50 grados. En este verano los informes t\u00e9cnicos anticipan que los cortes podr\u00edan ser m\u00e1s frecuentes y extensos, si la demanda supera los m\u00e1ximos registrados y por ello, es que, dentro de este contexto, el Presidente de REFSA Fernando A. De Vido, junto al Presidente de SECHEP Hilario Jos\u00e9 Bistoletti y el Cr. Alfredo H. Aun, Presidente de la DPEC, han solicitado la inmediata rehabilitaci\u00f3n del v\u00ednculo el\u00e9ctrico con la Rep\u00fablica del Paraguay por medio de la l\u00ednea de alta tensi\u00f3n 220 kv Guarambar\u00e9 (Paraguay) \u2013 Clorinda (Argentina), con capacidad de importar hasta 150 MW, v\u00ednculo que es considerado esencial para el abastecimiento de la demanda en la regi\u00f3n en los periodos estivales, con el cual, se podr\u00eda minimizar los colapsos de tensi\u00f3n en el Sistema El\u00e9ctrico del NEA y es por ello que los antes citados, han requerido a la Secretaria de Energ\u00eda que para el verano que se avecina (2025\/2026), entre los meses de noviembre y marzo inclusive, se restituya el servicio activo de dicho v\u00ednculo.<\/p>\n<p>En relaci\u00f3n a este punto, Gialluca, dio a conocer que, en el d\u00eda de la fecha, el Fiscal General, ante la C\u00e1mara Federal de Apelaciones de Resistencia, Chaco, Dr. Federico Mart\u00edn CARNIEL, suscribi\u00f3 el Dictamen N\u00ba 19\/2025, en la Causa Judicial: \u201cDefensor\u00eda del Pueblo de la Provincia de Formosa c\/ Secretaria de Energ\u00eda de la Naci\u00f3n \u2013 Estado Nacional s\/Incidente de Apelaci\u00f3n \u2013 C\u00e1mara Federal de Resistencia\u201d Expte. 6261\/2025 que tramita por ante el Juzgado Federal N\u00ba 2 a cargo de la Dra. Mar\u00eda Bel\u00e9n L\u00f3pez Mac\u00e9, determinando que la demanda colectiva interpuesta para conseguir la rehabilitaci\u00f3n de la Interconexi\u00f3n Internacional Clorinda \u2013 ET Guarambar\u00e9, que permitir\u00eda brindar a toda la Provincia de Formosa de un abastecimiento seguro de electricidad, DEBE CONTINUAR TRAMITANDO POR ANTE LA JUSTICIA FEDERAL DE FORMOSA, que es la Competente conforme Ley N\u00ba 16.986, pudiendo este Tribunal, intervenir en la contienda suscitada en su car\u00e1cter de Tribunal de Alzada y NO COMO PRETENDE LA SECRETARIA DE ENERG\u00cdA DE NACI\u00d3N, QUE QUIERE LLEVAR LA CAUSA A LOS TRIBUNALES FEDERALES DE LA CIUDAD AUT\u00d3NOMA DE BUENOS AIRES.<\/p>\n","protected":false},"excerpt":{"rendered":"<p>-El Fiscal General de la C\u00e1mara Federal de Apelaciones de Chaco, Dr. Federico M. Carniel, rechaz\u00f3 el pedido de la Secretaria de Energ\u00eda de Naci\u00f3n, que pidi\u00f3 que la Acci\u00f3n de Amparo Colectiva interpuesta oportunamente para rehabilitar la Interconexi\u00f3n Internacional Clorinda \u2013 ET Guarambar\u00e9, tramite por ante los estrados judiciales de CABA, con lo cual, [&hellip;]<\/p>\n","protected":false},"author":1,"featured_media":16591,"comment_status":"closed","ping_status":"closed","sticky":false,"template":"","format":"standard","meta":{"footnotes":""},"categories":[1],"tags":[],"class_list":["post-16590","post","type-post","status-publish","format-standard","has-post-thumbnail","hentry","category-noticias"],"_links":{"self":[{"href":"https:\/\/defensoriaformosa.gob.ar\/index.php?rest_route=\/wp\/v2\/posts\/16590","targetHints":{"allow":["GET"]}}],"collection":[{"href":"https:\/\/defensoriaformosa.gob.ar\/index.php?rest_route=\/wp\/v2\/posts"}],"about":[{"href":"https:\/\/defensoriaformosa.gob.ar\/index.php?rest_route=\/wp\/v2\/types\/post"}],"author":[{"embeddable":true,"href":"https:\/\/defensoriaformosa.gob.ar\/index.php?rest_route=\/wp\/v2\/users\/1"}],"replies":[{"embeddable":true,"href":"https:\/\/defensoriaformosa.gob.ar\/index.php?rest_route=%2Fwp%2Fv2%2Fcomments&post=16590"}],"version-history":[{"count":1,"href":"https:\/\/defensoriaformosa.gob.ar\/index.php?rest_route=\/wp\/v2\/posts\/16590\/revisions"}],"predecessor-version":[{"id":16592,"href":"https:\/\/defensoriaformosa.gob.ar\/index.php?rest_route=\/wp\/v2\/posts\/16590\/revisions\/16592"}],"wp:featuredmedia":[{"embeddable":true,"href":"https:\/\/defensoriaformosa.gob.ar\/index.php?rest_route=\/wp\/v2\/media\/16591"}],"wp:attachment":[{"href":"https:\/\/defensoriaformosa.gob.ar\/index.php?rest_route=%2Fwp%2Fv2%2Fmedia&parent=16590"}],"wp:term":[{"taxonomy":"category","embeddable":true,"href":"https:\/\/defensoriaformosa.gob.ar\/index.php?rest_route=%2Fwp%2Fv2%2Fcategories&post=16590"},{"taxonomy":"post_tag","embeddable":true,"href":"https:\/\/defensoriaformosa.gob.ar\/index.php?rest_route=%2Fwp%2Fv2%2Ftags&post=16590"}],"curies":[{"name":"wp","href":"https:\/\/api.w.org\/{rel}","templated":true}]}}