{"id":16587,"date":"2025-09-27T16:26:33","date_gmt":"2025-09-27T19:26:33","guid":{"rendered":"https:\/\/defensoriaformosa.gob.ar\/?p=16587"},"modified":"2025-09-27T16:26:33","modified_gmt":"2025-09-27T19:26:33","slug":"advierten-que-las-faltas-de-inversiones-por-parte-del-gobierno-nacional-podrian-causar-colapsos-de-tension-y-apagones-el-proximo-verano","status":"publish","type":"post","link":"https:\/\/defensoriaformosa.gob.ar\/?p=16587","title":{"rendered":"ADVIERTEN QUE LAS FALTAS DE INVERSIONES POR PARTE DEL GOBIERNO NACIONAL PODR\u00cdAN CAUSAR COLAPSOS DE TENSI\u00d3N Y APAGONES EL PR\u00d3XIMO VERANO"},"content":{"rendered":"<p><strong>-Desde Transnea se\u00f1alaron que, antes de fin de a\u00f1o, ya se podr\u00eda contar con la Interconexi\u00f3n Guarambar\u00e9 \u2013 Clorinda, lo que permitir\u00e1 que la ANDE env\u00ede hasta 150MW al SADI beneficiando especialmente a las provincias del Norte, pues lo que no entiende o no comprende el Gobierno Nacional y especialmente la Secretar\u00eda de Energ\u00eda es que pueden existir 10 Yacyret\u00e1 o m\u00e1s, pero si no tenemos las redes para transportar la energ\u00eda, estamos en la misma situaci\u00f3n de siempre-<\/strong><\/p>\n<p><!--more--><\/p>\n<p>Un reciente informe de CAMMESA (Compa\u00f1\u00eda Administradora del Mercado Mayorista El\u00e9ctrico S.A.), el cual se\u00f1ala que, las redes de alta tensi\u00f3n en Argentina, presentan graves deficiencias estructurales y podr\u00edan no soportar los picos de consumo en el pr\u00f3ximo verano, llev\u00f3 a la Defensor\u00eda del Pueblo a demandar a la actual Secretaria de Energ\u00eda Mar\u00eda Tettamanti que depende directamente del Ministerio de Econom\u00eda a cargo de Luis Caputo, \u201cse impulsen todas las acciones y gestiones necesarias para evitar microcortes, cortes y colapsos de tensi\u00f3n en la regi\u00f3n del NEA\u201c, se\u00f1al\u00e1ndosele que si bien la Secretar\u00eda de Energ\u00eda identific\u00f3 6.500 millones de d\u00f3lares en proyectos prioritarios para reforzar la red y evitar apagones masivos, la gran pregunta que nos hacemos es \u00bfsi las inversiones llegar\u00e1n a tiempo para que los usuarios residenciales, comerciales, pymes e industrias, no sufran cortes de energ\u00eda el\u00e9ctrica durante el pr\u00f3ximo verano? El Ombudsman Provincial Dr. Jos\u00e9 Leonardo Gialluca, indic\u00f3 que si hasta el propio presidente del Ente Provincial Regulador El\u00e9ctrico, Pablo Cuenca de Corrientes (Provincia productora de energ\u00eda el\u00e9ctrica que transporta directamente a CABA favoreciendo a usuarios que pagan una tarifa m\u00e1s baja, dado que no tienen el \u00cdtem de transporte energ\u00e9tico que representa entre un 20 y hasta 30% del costo de una factura aqu\u00ed en Formosa y el Nea), asegur\u00f3 que el sistema el\u00e9ctrico argentino se encuentra en una situaci\u00f3n \u00abl\u00edmite\u00bb y que al Gobierno Nacional le costar\u00e1 solucionarlo, explicando que la falta de inversi\u00f3n podr\u00eda derivar en\u00a0apagones\u00a0y otros inconvenientes en\u00a0Corrientes\u00a0y en el\u00a0Norte Grande, especialmente durante el pr\u00f3ximo verano.<\/p>\n<p>El titular del\u00a0EPRE\u00a0critic\u00f3 que, a pesar de las advertencias, el\u00a0Gobierno de Javier Milei\u00a0reacciona tarde, ya que las soluciones a la falta de infraestructura de gran porte, como las estaciones transformadoras y las l\u00edneas de transmisi\u00f3n, no son inmediatas. Asimismo, sostuvo que las medidas que se est\u00e1n tomando son meramente \u201cpaliativas\u201d y no resuelven el problema de ra\u00edz, que radica en la falta de inversiones del\u00a0Estado Nacional\u00a0en la red. El presidente del\u00a0EPRE\u00a0arremeti\u00f3 contra la secretaria de Energ\u00eda,\u00a0Mar\u00eda Tettamanti, quien minimiza la situaci\u00f3n. La funcionaria sostuvo que el problema solo se presentar\u00eda \u201ccinco d\u00edas en las tres horas de demanda pico\u201d, a lo que\u00a0Cuenca\u00a0respondi\u00f3 que \u201cella vive en el pa\u00eds del microcentro\u201d, si cruzaran un poquito la General Paz, podr\u00edan ver los padecimientos que nosotros tenemos en las provincias del\u00a0Norte Grande\u00a0de manera habitual, no un par de horas y no son cinco d\u00edas. El verdadero problema radica en la red nacional, a la que las provincias est\u00e1n interconectadas. Un colapso o \u201cperturbaci\u00f3n\u201d en un punto de la red, como por ejemplo en la provincia de\u00a0Formosa, puede repercutir en\u00a0Corrientes\u00a0y causar un corte autom\u00e1tico para proteger los equipos. Con el verano a la vuelta de la esquina, el pron\u00f3stico es alarmante: sin inversiones directas en la red el\u00e9ctrica, el sistema no podr\u00e1 soportar la demanda, lo que dejar\u00e1 a provincias como\u00a0Formosa, Chaco, Corrientes\u00a0en una situaci\u00f3n de vulnerabilidad extrema ante los cortes de energ\u00eda el\u00e9ctrica. En este contexto, desde la Defensor\u00eda del Pueblo se continua con la Causa Judicial que permita r\u00e1pidamente poder contar con la Interconexi\u00f3n Guarambar\u00e9 \u2013 Clorinda, donde actualmente t\u00e9cnicos y personal de la empresa de Transnea S.A. se encuentran trabajando y han expresado que las obras estar\u00edan en condiciones en los \u00faltimos meses del 2025, de manera tal que desde la ANDE (Rep\u00fablica del Paraguay) aporten unos 150 MW al SADI -Sistema Argentino de Interconexi\u00f3n-, lo que permitir\u00e1 evitar o disminuir los cortes de energ\u00eda el\u00e9ctrica.<\/p>\n<p>Por otra parte, Gialluca se\u00f1al\u00f3 que, la entrada en servicio del Parque Solar en Ingeniero Ju\u00e1rez va a mejorar mucho el perfil de tensiones en todo el interior, en la zona m\u00e1s castigada hist\u00f3ricamente, beneficiando a usuarios del oeste provincial, ya que el citado aporta unos 15MW, los cuales permitir\u00e1n energ\u00eda regular a localidades como Ing. Ju\u00e1rez, Las Lomitas, Ibarreta entre otras.<\/p>\n","protected":false},"excerpt":{"rendered":"<p>-Desde Transnea se\u00f1alaron que, antes de fin de a\u00f1o, ya se podr\u00eda contar con la Interconexi\u00f3n Guarambar\u00e9 \u2013 Clorinda, lo que permitir\u00e1 que la ANDE env\u00ede hasta 150MW al SADI beneficiando especialmente a las provincias del Norte, pues lo que no entiende o no comprende el Gobierno Nacional y especialmente la Secretar\u00eda de Energ\u00eda es [&hellip;]<\/p>\n","protected":false},"author":1,"featured_media":16588,"comment_status":"closed","ping_status":"closed","sticky":false,"template":"","format":"standard","meta":{"footnotes":""},"categories":[1],"tags":[],"class_list":["post-16587","post","type-post","status-publish","format-standard","has-post-thumbnail","hentry","category-noticias"],"_links":{"self":[{"href":"https:\/\/defensoriaformosa.gob.ar\/index.php?rest_route=\/wp\/v2\/posts\/16587","targetHints":{"allow":["GET"]}}],"collection":[{"href":"https:\/\/defensoriaformosa.gob.ar\/index.php?rest_route=\/wp\/v2\/posts"}],"about":[{"href":"https:\/\/defensoriaformosa.gob.ar\/index.php?rest_route=\/wp\/v2\/types\/post"}],"author":[{"embeddable":true,"href":"https:\/\/defensoriaformosa.gob.ar\/index.php?rest_route=\/wp\/v2\/users\/1"}],"replies":[{"embeddable":true,"href":"https:\/\/defensoriaformosa.gob.ar\/index.php?rest_route=%2Fwp%2Fv2%2Fcomments&post=16587"}],"version-history":[{"count":1,"href":"https:\/\/defensoriaformosa.gob.ar\/index.php?rest_route=\/wp\/v2\/posts\/16587\/revisions"}],"predecessor-version":[{"id":16589,"href":"https:\/\/defensoriaformosa.gob.ar\/index.php?rest_route=\/wp\/v2\/posts\/16587\/revisions\/16589"}],"wp:featuredmedia":[{"embeddable":true,"href":"https:\/\/defensoriaformosa.gob.ar\/index.php?rest_route=\/wp\/v2\/media\/16588"}],"wp:attachment":[{"href":"https:\/\/defensoriaformosa.gob.ar\/index.php?rest_route=%2Fwp%2Fv2%2Fmedia&parent=16587"}],"wp:term":[{"taxonomy":"category","embeddable":true,"href":"https:\/\/defensoriaformosa.gob.ar\/index.php?rest_route=%2Fwp%2Fv2%2Fcategories&post=16587"},{"taxonomy":"post_tag","embeddable":true,"href":"https:\/\/defensoriaformosa.gob.ar\/index.php?rest_route=%2Fwp%2Fv2%2Ftags&post=16587"}],"curies":[{"name":"wp","href":"https:\/\/api.w.org\/{rel}","templated":true}]}}