{"id":16584,"date":"2025-09-26T16:21:00","date_gmt":"2025-09-26T19:21:00","guid":{"rendered":"https:\/\/defensoriaformosa.gob.ar\/?p=16584"},"modified":"2025-09-27T16:24:14","modified_gmt":"2025-09-27T19:24:14","slug":"denuncian-que-la-demora-en-la-aplicacion-de-la-ley-de-emergencia-afecta-a-todas-las-familias-con-personas-discapacitadas","status":"publish","type":"post","link":"https:\/\/defensoriaformosa.gob.ar\/?p=16584","title":{"rendered":"DENUNCIAN QUE LA DEMORA EN LA APLICACI\u00d3N DE LA LEY DE EMERGENCIA, AFECTA A TODAS LAS FAMILIAS CON PERSONAS DISCAPACITADAS"},"content":{"rendered":"<p><strong>-No se actualizan los aranceles, no se brindan las asistencias m\u00e9dicas necesarias, no se dan curso a nuevas pensiones, siendo que el Poder Ejecutivo Nacional, debe asignar las partidas presupuestarias correspondientes para la aplicaci\u00f3n de las leyes aprobadas por el Congreso-<\/strong><\/p>\n<p><!--more--><\/p>\n<p>El Defensor del Pueblo de la Provincia de Formosa, Dr. Jos\u00e9 Leonardo Gialluca, reiter\u00f3 que, \u201cante noticias falsas\u201d que tienen por finalidad confundir a la ciudadan\u00eda, el cronograma de pagos para la restituci\u00f3n de pensiones para personas con discapacidad en nuestro territorio, no se ha modificado y continua siendo el informado oportunamente, esto es para los DNI terminados en 0\/1\/2\/3 cobrar\u00e1n a partir del pr\u00f3ximo 8 de octubre y aquellos con terminaci\u00f3n 4\/5\/6\/7\/8\/9 lo har\u00e1n desde el 9 de octubre. Asimismo, el Funcionario Provincial se\u00f1al\u00f3 que, la Titular del Juzgado Federal N\u00ba 2 Dra. Mar\u00eda Bel\u00e9n L\u00f3pez Mac\u00e9, \u201cha dispuesto que una vez vencidas las fechas informada por la ANDIS para el pago y de encontrarse beneficiarios que no hayan sido incluidos debidamente, se analizar\u00e1 los incumplimientos de manera individual\u201d, para lo cual el Organismo de la Constituci\u00f3n ir\u00e1 haciendo las presentaciones correspondientes, pudiendo tambi\u00e9n efectuarlas cualquier interesado.<\/p>\n<p>En este punto, Gialluca expres\u00f3 que, el Gobierno Nacional debe r\u00e1pidamente normalizar y transparentar todo lo relativo a pensiones a favor de personas con discapacidad, como as\u00ed tambi\u00e9n el tema auditor\u00edas, -CMO Digital-, aplicar la Ley de Emergencia en Discapacidad, dado que el Presidente Javier Milei y el Jefe de Gabinete Guillermo Francos, tienen que hacer lo que establece la Constituci\u00f3n Nacional y ponerse a atender las diversas cuestiones de discapacidad. Es absurdo que el propio Gobierno Nacional, \u201chaya iniciado en el Juzgado Federal N\u00ba 1 a cargo del Dr. Pablo Mor\u00e1n, un -Amparo Colectivo- a favor de 240 Originarios de la -Comunidad La Primavera-, CONTRA LA ANDIS, denunciando graves irregularidades en los procedimientos que dejaron sin efecto pensiones y solicitando la nulidad absoluta de todos los actos administrativos dictados, por violaci\u00f3n del Art. 43 de la CN y del Art. 25 de la Convenci\u00f3n Americana sobre Derechos Humanos, entendiendo que la citada no realiz\u00f3 las notificaciones debidamente, no permiti\u00f3 el derecho a ser o\u00eddo y a ofrecer pruebas a este colectivo de personas, ocasionando un perjuicio irreparable\u201d, m\u00e1s all\u00e1 de que los mismos ya han sido beneficiados por el amparo colectivo interpuesto por la Defensor\u00eda del Pueblo de la Provincia de Formosa, cuando la propia ANDIS posee las facultades y competencias suficientes para regularizar esta situaci\u00f3n, simplemente procediendo al dictado de una acto administrativo, \u201cSIN NECESIDAD DE QUE EL GOBIERNO NACIONAL SE INICIE UN JUICIO EN TRIBUNALES FEDERALES CONTRA EL MISMO ESTADO NACIONAL\u201d.<\/p>\n","protected":false},"excerpt":{"rendered":"<p>-No se actualizan los aranceles, no se brindan las asistencias m\u00e9dicas necesarias, no se dan curso a nuevas pensiones, siendo que el Poder Ejecutivo Nacional, debe asignar las partidas presupuestarias correspondientes para la aplicaci\u00f3n de las leyes aprobadas por el Congreso-<\/p>\n","protected":false},"author":1,"featured_media":16585,"comment_status":"closed","ping_status":"closed","sticky":false,"template":"","format":"standard","meta":{"footnotes":""},"categories":[1],"tags":[],"class_list":["post-16584","post","type-post","status-publish","format-standard","has-post-thumbnail","hentry","category-noticias"],"_links":{"self":[{"href":"https:\/\/defensoriaformosa.gob.ar\/index.php?rest_route=\/wp\/v2\/posts\/16584","targetHints":{"allow":["GET"]}}],"collection":[{"href":"https:\/\/defensoriaformosa.gob.ar\/index.php?rest_route=\/wp\/v2\/posts"}],"about":[{"href":"https:\/\/defensoriaformosa.gob.ar\/index.php?rest_route=\/wp\/v2\/types\/post"}],"author":[{"embeddable":true,"href":"https:\/\/defensoriaformosa.gob.ar\/index.php?rest_route=\/wp\/v2\/users\/1"}],"replies":[{"embeddable":true,"href":"https:\/\/defensoriaformosa.gob.ar\/index.php?rest_route=%2Fwp%2Fv2%2Fcomments&post=16584"}],"version-history":[{"count":1,"href":"https:\/\/defensoriaformosa.gob.ar\/index.php?rest_route=\/wp\/v2\/posts\/16584\/revisions"}],"predecessor-version":[{"id":16586,"href":"https:\/\/defensoriaformosa.gob.ar\/index.php?rest_route=\/wp\/v2\/posts\/16584\/revisions\/16586"}],"wp:featuredmedia":[{"embeddable":true,"href":"https:\/\/defensoriaformosa.gob.ar\/index.php?rest_route=\/wp\/v2\/media\/16585"}],"wp:attachment":[{"href":"https:\/\/defensoriaformosa.gob.ar\/index.php?rest_route=%2Fwp%2Fv2%2Fmedia&parent=16584"}],"wp:term":[{"taxonomy":"category","embeddable":true,"href":"https:\/\/defensoriaformosa.gob.ar\/index.php?rest_route=%2Fwp%2Fv2%2Fcategories&post=16584"},{"taxonomy":"post_tag","embeddable":true,"href":"https:\/\/defensoriaformosa.gob.ar\/index.php?rest_route=%2Fwp%2Fv2%2Ftags&post=16584"}],"curies":[{"name":"wp","href":"https:\/\/api.w.org\/{rel}","templated":true}]}}