{"id":16580,"date":"2025-09-25T13:35:00","date_gmt":"2025-09-25T16:35:00","guid":{"rendered":"https:\/\/defensoriaformosa.gob.ar\/?p=16580"},"modified":"2025-09-26T13:36:41","modified_gmt":"2025-09-26T16:36:41","slug":"defensores-del-pueblo-advirtieron-sobre-el-impacto-regresivo-de-eliminar-la-ampliacion-de-zonas-frias-y-reclamaron-equidad-energetica-para-las-regiones-calidas","status":"publish","type":"post","link":"https:\/\/defensoriaformosa.gob.ar\/?p=16580","title":{"rendered":"DEFENSORES DEL PUEBLO ADVIRTIERON SOBRE EL IMPACTO REGRESIVO DE ELIMINAR LA AMPLIACION DE ZONAS FRIAS Y RECLAMARON EQUIDAD ENERGETICA PARA LAS REGIONES CALIDAS"},"content":{"rendered":"<p><strong>&#8211; Gialluca afirm\u00f3 que, reconocer las Zonas C\u00e1lidas no significa contraponer beneficios, sino dar continuidad a un esquema de justicia territorial: as\u00ed como el Estado reconoci\u00f3 la necesidad de calefaccionar hogares en invierno, debe reconocer la urgencia de garantizar acceso a energ\u00eda el\u00e9ctrica accesible en verano para todo el Norte Argentino-<\/strong><\/p>\n<p><!--more--><\/p>\n<p>Desde la Asociaci\u00f3n de Defensoras\/es del Pueblo de la Rep\u00fablica Argentina (ADPRA), se expres\u00f3 profunda preocupaci\u00f3n ante la propuesta incluida en el proyecto de ley que fija el Presupuesto de Gastos y Recursos de la Administraci\u00f3n Nacional para el ejercicio 2026 que pretende, a trav\u00e9s de sus art\u00edculos 71 y 72, sustituir el art\u00edculo 3\u00b0 y derogar los art\u00edculos 4\u00b0, 5\u00b0, 6\u00b0, 7\u00b0 y 8\u00b0, respectivamente, de la Ley Nacional N\u00b0 27.637 sancionada en el a\u00f1o 2021, lo cual implica \u2013lisa y llanamente\u2013 la eliminaci\u00f3n de la ampliaci\u00f3n del r\u00e9gimen de Zonas Fr\u00edas. Dicha ley instaura un r\u00e9gimen orientado a equilibrar el costo de vida de los hogares situados en regiones donde las bajas temperaturas superan la media del resto del pa\u00eds, lo que significa que, en los inviernos, tambi\u00e9n superan el promedio en el consumo de gas. De esta manera, la denominada \u201cLey de Zona Fr\u00eda\u201d representa la formal respuesta a la hist\u00f3rica lucha de numerosos usuarios, asociaciones de consumidores y usuarios, Defensor\u00edas del Pueblo y ciudades afectadas ante la necesidad de un cuadro tarifario diferenciado para regiones azotadas por temperaturas m\u00e1s bajas, con su inevitable correlato\u00a0 en\u00a0 el\u00a0 exponencial\u00a0 incremento\u00a0 en \u00a0el\u00a0 consumo\u00a0 de\u00a0 gas\u00a0 y\u00a0 su\u00a0 impacto\u00a0 en\u00a0 las\u00a0 econom\u00edas familiares, principalmente durante los meses oto\u00f1ales e invernales de mayo a septiembre.<\/p>\n<p>La mentada legislaci\u00f3n permiti\u00f3 que m\u00e1s de 4,2 millones de usuarios en todo el pa\u00eds accedan a descuentos en la factura de gas, alcanzando a hogares de 90 municipios bonaerenses y de provincias como C\u00f3rdoba, Santa Fe, Mendoza y San Luis. Estos beneficios consisten en rebajas del 30 % en la tarifa plena y del 50 % para familias en situaci\u00f3n de vulnerabilidad social (jubilados, beneficiarios de AUH, monotributistas sociales). Su financiamiento se garantiz\u00f3 a trav\u00e9s de un fondo fiduciario creado con un recargo m\u00ednimo en el precio mayorista del gas (PIST), mecanismo solidario que permiti\u00f3 equilibrar asimetr\u00edas sin impacto presupuestario directo. Somos todos los usuarios del servicio de red de gas natural quienes solidariamente contribuimos a trav\u00e9s de un recargo adicional en nuestras facturas. Por otra parte, siendo el gas un servicio p\u00fablico nacional, pedir desde el Estado una pol\u00edtica de menor consumo a los usuarios frente a tan particulares condiciones de habitabilidad a fin de obtener una tarifa m\u00e1s econ\u00f3mica, resulta restrictivo del derecho a la dignidad que hace posible este servicio tan esencial. El proyecto tambi\u00e9n introduce cambios que resultan preocupantes: fija un tope del 7,5 % al Fondo Fiduciario, habilita su utilizaci\u00f3n para otros destinos y concentra facultades de asignaci\u00f3n en la autoridad nacional, abriendo un margen de discrecionalidad que amenaza con desfinanciar la protecci\u00f3n a los usuarios residenciales. La experiencia de las Zonas Fr\u00edas valid\u00f3 que es posible dise\u00f1ar pol\u00edticas p\u00fablicas que reconozcan las particularidades clim\u00e1ticas y sociales, y que hagan m\u00e1s justo y accesible el acceso a la energ\u00eda. Esa conquista, motorizada en parte por las Defensor\u00edas del Pueblo, debe preservarse y servir como punto de partida para ampliar el criterio de equidad. En este sentido, resulta urgente avanzar en una demanda que hace a\u00f1os viene planteando con firmeza ADPRA, como es la sanci\u00f3n de una Ley de Zonas C\u00e1lidas, que contemple las necesidades de millones de habitantes del norte del pa\u00eds, donde la temperatura promedio durante meses enteros supera los 50 grados y donde la electricidad es la \u00fanica fuente energ\u00e9tica disponible. La ausencia de un r\u00e9gimen diferencial en estas regiones implica que miles de familias deban destinar una parte desproporcionada de sus ingresos al pago de la energ\u00eda el\u00e9ctrica, sin alternativas posibles de refrigerarse y vivir dignamente.<\/p>\n<p>Por todo ello, el Ombudsman Provincial, Dr. Jos\u00e9 Leonardo Gialluca, se\u00f1al\u00f3 que, hemos exhortado al Congreso de la Naci\u00f3n, al Poder Ejecutivo y a los organismos competentes a: * Revisar cualquier iniciativa que implique retrocesos en materia de equidad energ\u00e9tica, como la eliminaci\u00f3n de la ampliaci\u00f3n de Zonas Fr\u00edas, y solo resolver su modificaci\u00f3n sobre la base del Principio de Progresividad y No Regresi\u00f3n. * Impulsar el debate y sanci\u00f3n de una Ley de Zonas C\u00e1lidas que asegure acceso asequible y justo a la electricidad en las regiones m\u00e1s c\u00e1lidas del pa\u00eds.<\/p>\n","protected":false},"excerpt":{"rendered":"<p>&#8211; Gialluca afirm\u00f3 que, reconocer las Zonas C\u00e1lidas no significa contraponer beneficios, sino dar continuidad a un esquema de justicia territorial: as\u00ed como el Estado reconoci\u00f3 la necesidad de calefaccionar hogares en invierno, debe reconocer la urgencia de garantizar acceso a energ\u00eda el\u00e9ctrica accesible en verano para todo el Norte Argentino-<\/p>\n","protected":false},"author":1,"featured_media":16581,"comment_status":"closed","ping_status":"closed","sticky":false,"template":"","format":"standard","meta":{"footnotes":""},"categories":[1],"tags":[],"class_list":["post-16580","post","type-post","status-publish","format-standard","has-post-thumbnail","hentry","category-noticias"],"_links":{"self":[{"href":"https:\/\/defensoriaformosa.gob.ar\/index.php?rest_route=\/wp\/v2\/posts\/16580","targetHints":{"allow":["GET"]}}],"collection":[{"href":"https:\/\/defensoriaformosa.gob.ar\/index.php?rest_route=\/wp\/v2\/posts"}],"about":[{"href":"https:\/\/defensoriaformosa.gob.ar\/index.php?rest_route=\/wp\/v2\/types\/post"}],"author":[{"embeddable":true,"href":"https:\/\/defensoriaformosa.gob.ar\/index.php?rest_route=\/wp\/v2\/users\/1"}],"replies":[{"embeddable":true,"href":"https:\/\/defensoriaformosa.gob.ar\/index.php?rest_route=%2Fwp%2Fv2%2Fcomments&post=16580"}],"version-history":[{"count":1,"href":"https:\/\/defensoriaformosa.gob.ar\/index.php?rest_route=\/wp\/v2\/posts\/16580\/revisions"}],"predecessor-version":[{"id":16582,"href":"https:\/\/defensoriaformosa.gob.ar\/index.php?rest_route=\/wp\/v2\/posts\/16580\/revisions\/16582"}],"wp:featuredmedia":[{"embeddable":true,"href":"https:\/\/defensoriaformosa.gob.ar\/index.php?rest_route=\/wp\/v2\/media\/16581"}],"wp:attachment":[{"href":"https:\/\/defensoriaformosa.gob.ar\/index.php?rest_route=%2Fwp%2Fv2%2Fmedia&parent=16580"}],"wp:term":[{"taxonomy":"category","embeddable":true,"href":"https:\/\/defensoriaformosa.gob.ar\/index.php?rest_route=%2Fwp%2Fv2%2Fcategories&post=16580"},{"taxonomy":"post_tag","embeddable":true,"href":"https:\/\/defensoriaformosa.gob.ar\/index.php?rest_route=%2Fwp%2Fv2%2Ftags&post=16580"}],"curies":[{"name":"wp","href":"https:\/\/api.w.org\/{rel}","templated":true}]}}