{"id":16574,"date":"2025-09-22T23:16:11","date_gmt":"2025-09-23T02:16:11","guid":{"rendered":"https:\/\/defensoriaformosa.gob.ar\/?p=16574"},"modified":"2025-09-23T08:18:58","modified_gmt":"2025-09-23T11:18:58","slug":"la-andis-puso-fecha-de-pago-de-las-pnc-para-el-10-de-octubre","status":"publish","type":"post","link":"https:\/\/defensoriaformosa.gob.ar\/?p=16574","title":{"rendered":"LA ANDIS PUSO FECHA DE PAGO DE LAS PNC PARA EL 10 DE OCTUBRE"},"content":{"rendered":"<p><strong>-Desde la Defensor\u00eda del Pueblo,\u00a0 denuncian que el Gobierno Nacional de Javier Milei, se burla descaradamente de las personas con discapacidad y frente a ello, seguiremos con las causas judiciales contra la ANDIS, exigiendo mayores sanciones econ\u00f3micas y que se impute penalmente a los funcionarios nacionales que \u201cdilatan injustificadamente el cumplimiento de \u00f3rdenes de jueces nacionales\u201d-<\/strong><\/p>\n<p><!--more--><\/p>\n<p>En un escrito presentado en la causa de amparo que lleva adelante la Defensor\u00eda del Pueblo de la Provincia, conjuntamente con damnificados por la suspensi\u00f3n de las pensiones no contributivas por invalidez laborativa ante la Jueza Federal N\u00b0 1 de Formosa Dra. Bel\u00e9n L\u00f3pez Mac\u00e9, misma en la cual la representante del Estado Nacional \u2013 Agencia Nacional de Discapacidad (ANDIS), Dra. Luisa Armoa, present\u00f3 un cronograma de tr\u00e1mites que seguir\u00e1 la ANDIS, previo a abonar los beneficios sociales que actualmente retiene, corolario del cual ser\u00e1 el pago de las pensiones, anunciada para la fecha 10 de octubre del corriente a\u00f1o. Respecto a este particular, el Dr. Jos\u00e9 Leonardo Gialluca, Defensor del Pueblo de Formosa expres\u00f3: \u201cDe concretarse el pago el d\u00eda se\u00f1alado, el Gobierno de Javier Milei, abonar\u00e1 las pensiones por discapacidad no laborativa arbitraria e ilegalmente retenidas, luego de dos meses que una clara Orden Judicial, le impusiera la restituci\u00f3n de las mismas en veinticuatro (24) horas. Atr\u00e1s qued\u00f3 una ilegal auditor\u00eda realizada desde la ANDIS (organismo sospechado de manejos fraudulentos y procedimientos irregulares al momento de suspender las PNC), que culmin\u00f3 en la suspensi\u00f3n arbitraria de los beneficios a miles de formose\u00f1os que los hab\u00edan obtenido luego del cumplimiento de las normas vigentes en tal sentido.<\/p>\n<p>Consta en el expediente judicial el anuncio que, desde la ANDIS realiz\u00f3 su interventor, respecto del dictado de la resoluci\u00f3n que ordena el restablecimiento del pago de las pensiones y se hace preciso remarcar que, hasta que el Estado Nacional, por intermedio de la ANDIS abone hasta la \u00faltima de las PNC suspendidas, no se habr\u00e1 dado cumplimiento de la orden judicial dictada, por lo que nos hemos opuesto al levantamiento de las sanciones econ\u00f3micas fijadas para conminar al cumplimiento de la medida dispuesta por la Jueza interviniente. Asimismo, impulsaremos la causa penal contra Alejandro Vilches, pues no se puede excusar en cumplir la orden judicial con el pretexto de que reci\u00e9n asumi\u00f3. Me parece que al Gobierno de Milei, se le escapa que estamos hablando de un colectivo sumamente vulnerable, cuales son las personas con discapacidad no laborativa, a las cuales se les ha retenido su \u00fanico ingreso, en algunos casos sin previo aviso, el nivel de crueldad que se exhibe es alarmante. Hablamos de seres humanos a quienes privaron de sus ingresos para comer, comprar alimentos, acceder a tratamientos, etc.<\/p>\n<p>Vamos a notificar a la titular de la UDAI Formosa de la Administraci\u00f3n Nacional de la Seguridad Social (ANSeS), Patricia Arias, para que tome raz\u00f3n de lo informado por la ANDIS, sin perjuicio de lo cual exigiremos que se aumenten exponencialmente las multas al Estado Nacional ya que, al parecer, las fijadas no la compelen al cumplimiento de la orden dada por la Jueza. Ello sin perjuicio de impulsar la acci\u00f3n penal contra Alejandro Vilches, quien aparentemente desconoce el imperativo de la justicia.<\/p>\n","protected":false},"excerpt":{"rendered":"<p>-Desde la Defensor\u00eda del Pueblo,\u00a0 denuncian que el Gobierno Nacional de Javier Milei, se burla descaradamente de las personas con discapacidad y frente a ello, seguiremos con las causas judiciales contra la ANDIS, exigiendo mayores sanciones econ\u00f3micas y que se impute penalmente a los funcionarios nacionales que \u201cdilatan injustificadamente el cumplimiento de \u00f3rdenes de jueces [&hellip;]<\/p>\n","protected":false},"author":1,"featured_media":16575,"comment_status":"closed","ping_status":"closed","sticky":false,"template":"","format":"standard","meta":{"footnotes":""},"categories":[1],"tags":[],"class_list":["post-16574","post","type-post","status-publish","format-standard","has-post-thumbnail","hentry","category-noticias"],"_links":{"self":[{"href":"https:\/\/defensoriaformosa.gob.ar\/index.php?rest_route=\/wp\/v2\/posts\/16574","targetHints":{"allow":["GET"]}}],"collection":[{"href":"https:\/\/defensoriaformosa.gob.ar\/index.php?rest_route=\/wp\/v2\/posts"}],"about":[{"href":"https:\/\/defensoriaformosa.gob.ar\/index.php?rest_route=\/wp\/v2\/types\/post"}],"author":[{"embeddable":true,"href":"https:\/\/defensoriaformosa.gob.ar\/index.php?rest_route=\/wp\/v2\/users\/1"}],"replies":[{"embeddable":true,"href":"https:\/\/defensoriaformosa.gob.ar\/index.php?rest_route=%2Fwp%2Fv2%2Fcomments&post=16574"}],"version-history":[{"count":1,"href":"https:\/\/defensoriaformosa.gob.ar\/index.php?rest_route=\/wp\/v2\/posts\/16574\/revisions"}],"predecessor-version":[{"id":16576,"href":"https:\/\/defensoriaformosa.gob.ar\/index.php?rest_route=\/wp\/v2\/posts\/16574\/revisions\/16576"}],"wp:featuredmedia":[{"embeddable":true,"href":"https:\/\/defensoriaformosa.gob.ar\/index.php?rest_route=\/wp\/v2\/media\/16575"}],"wp:attachment":[{"href":"https:\/\/defensoriaformosa.gob.ar\/index.php?rest_route=%2Fwp%2Fv2%2Fmedia&parent=16574"}],"wp:term":[{"taxonomy":"category","embeddable":true,"href":"https:\/\/defensoriaformosa.gob.ar\/index.php?rest_route=%2Fwp%2Fv2%2Fcategories&post=16574"},{"taxonomy":"post_tag","embeddable":true,"href":"https:\/\/defensoriaformosa.gob.ar\/index.php?rest_route=%2Fwp%2Fv2%2Ftags&post=16574"}],"curies":[{"name":"wp","href":"https:\/\/api.w.org\/{rel}","templated":true}]}}