{"id":16565,"date":"2025-09-18T13:51:41","date_gmt":"2025-09-18T16:51:41","guid":{"rendered":"https:\/\/defensoriaformosa.gob.ar\/?p=16565"},"modified":"2025-09-19T15:13:16","modified_gmt":"2025-09-19T18:13:16","slug":"la-defensoria-del-pueblo-intimo-al-gobierno-nacional-a-publicar-en-forma-urgente-la-ley-de-emergencia-en-discapacidad-ratificada-por-el-congreso","status":"publish","type":"post","link":"https:\/\/defensoriaformosa.gob.ar\/?p=16565","title":{"rendered":"LA DEFENSORIA DEL PUEBLO INTIMO AL GOBIERNO NACIONAL A PUBLICAR EN FORMA URGENTE LA LEY DE EMERGENCIA EN DISCAPACIDAD RATIFICADA POR EL CONGRESO"},"content":{"rendered":"<p><strong>-El Jefe de la Comisi\u00f3n de Discapacidad de la C\u00e1mara de Diputados Lic. Marcelo Alejandro Parra, presidida por Daniel Arroyo, resolvi\u00f3 exigir al Interventor de la ANDIS, Alejandro Vilches, se restituyan las pensiones no contributivas por invalidez laboral dadas de baja-<\/strong><\/p>\n<p><!--more--><\/p>\n<p>El Defensor del Pueblo de la Provincia de Formosa, Dr. Jos\u00e9 Leonardo Gialluca, se\u00f1al\u00f3 que ante la demora en la Promulgaci\u00f3n y Reglamentaci\u00f3n de la Ley de Emergencia en Discapacidad N\u00ba 27.739, lo que impide que pueda ser aplicada en beneficio de las personas con discapacidad, toda vez que el Senado de la Naci\u00f3n inform\u00f3 formalmente al Poder Ejecutivo de la insistencia sobre el proyecto original el pasado 4 de septiembre, con lo cual, ya pasaron m\u00e1s de 10 d\u00edas h\u00e1biles, por lo que, los plazos para su implementaci\u00f3n se encuentran totalmente vencidos, incluso hay quienes advierten que esos tiempos no se aplican en caso de insistencia de un veto, por lo que, deber\u00eda haber sido promulgada en forma inmediata, \u201cse envi\u00f3 una Carta Documento a la Secretaria de Legal y T\u00e9cnica de la Naci\u00f3n y al Director del Registro Oficial, Mar\u00eda Ibarz\u00e1bal Murphy y Walter Rub\u00e9n Gonz\u00e1lez, a publicar en un plazo m\u00e1ximo de 24 horas la Ley N\u00ba 27.793, de Emergencia en Discapacidad, ratificada por ambas C\u00e1maras del Congreso, tras el fallido veto del Presidente Javier Milei, bajo apercibimiento de denunciar penalmente a los citados funcionarios por abuso de autoridad e incumplimiento de los deberes de funcionario p\u00fablico, siendo un deber de las dependencias antes nombradas, dar a publicidad esta ley, toda vez que el veto presidencial, fue vencido por el Congreso de la Naci\u00f3n en fecha 4 de septiembre del corriente a\u00f1o\u201d.<\/p>\n<p>El Funcionario Provincial, a\u00f1adi\u00f3 que, esta norma revierte los recortes en materia de pensiones y deja sin efecto la auditor\u00eda irregular que hab\u00eda ordenado la ANDIS. La misma, establece que el Jefe de Gabinete, Guillermo Francos, deber\u00e1 reasignar partidas dentro del presupuesto y garantizar los fondos necesarios. Por otra parte, la Emergencia tambi\u00e9n prev\u00e9 dejar sin efecto la auditor\u00eda irregular implementada por Diego Spagnuolo, el ex abogado personal de Javier Milei e incorporar cientos de miles de nuevos beneficiarios al programa. Todo ese plan queda en suspenso si la Emergencia es reglamentada. El art\u00edculo sexto de la ley establece que para acceder a una pensi\u00f3n har\u00e1 falta \u00fanicamente acreditar un Certificado \u00danico de Discapacidad (CUD) y no percibir ingresos formales equivalentes a dos salarios m\u00ednimos. Seg\u00fan el informe que realiz\u00f3 la Oficina de Presupuesto del Congreso, permitir\u00e1 que ingresen al beneficio \u00abentre 493 mil y 946 mil nuevos beneficiarios\u00bb. En ese punto hay que tener en cuenta que, seg\u00fan datos oficiales, a marzo de 2025 hab\u00eda m\u00e1s de 1.900.000 argentinos con CUD vigente, el 4,1% de la poblaci\u00f3n total. Y que el Estado entrega poco m\u00e1s de un mill\u00f3n de pensiones (sin contar los posibles ajustes hacia adelante). De acuerdo a la OPC, el costo total de ese punto de la norma \u00abse estima en un rango de $2 billones (0,25% del PBI) y $4 billones (0,48% del PBI)\u00bb. Adem\u00e1s, la norma que hab\u00eda vetado Milei tambi\u00e9n invalida la auditor\u00eda de la ANDIS, proceso que naci\u00f3 con la radiograf\u00eda del perro que mostr\u00f3 el Vocero Manuel Adorni y que seg\u00fan confiesa Spagnuolo en uno de los audios filtrados fue una fake news. En su art\u00edculo 16, la ley de Emergencia establece que la ANDIS deber\u00e1 adoptar un nuevo un sistema de \u00abauditor\u00edas peri\u00f3dicas\u00bb, con \u00abun an\u00e1lisis integral de la situaci\u00f3n socioecon\u00f3mica de los beneficiarios\u00bb, adem\u00e1s de \u00abnotificaciones fehacientes\u00bb \u00abel acceso claro a la informaci\u00f3n por parte de las personas con discapacidad durante todo el proceso\u00bb. Gialluca a\u00f1adi\u00f3 que, todo esto se da, independientemente de la causa judicial que se prosigue contra la ANDIS y donde se busca que la misma cumpla con la orden de la Justicia Federal de depositar los fondos adeudados a todas las personas con discapacidad dentro del territorio de la Provincia de Formosa.<\/p>\n<p>Por \u00faltimo, se\u00f1al\u00f3, \u201cque es tal la anarqu\u00eda reinante actualmente en el Gobierno Nacional, que este mismo, ha denunciado en la Justicia Federal que, la ANDIS llev\u00f3 adelante la Auditor\u00eda en relaci\u00f3n a las personas con discapacidad, con un procedimiento inconsistente e irregular vulnerando garant\u00edas y principios constitucionales que la convierten en nula absolutamente habiendo suspendido beneficios que satisfac\u00edan necesidades b\u00e1sicas de los titulares\u201d, por lo que se reiter\u00f3 la responsabilidad que le cabe al Gobierno Nacional y en especial a la Ministra de Seguridad, Patricia Bullrich, por los hechos de violencia social que se vienen sucediendo como consecuencia directa del no cumplimiento por parte del Estado Nacional a Fallos Judiciales firmes y a leyes sancionadas por el Congreso de la Naci\u00f3n.<\/p>\n","protected":false},"excerpt":{"rendered":"<p>-El Jefe de la Comisi\u00f3n de Discapacidad de la C\u00e1mara de Diputados Lic. Marcelo Alejandro Parra, presidida por Daniel Arroyo, resolvi\u00f3 exigir al Interventor de la ANDIS, Alejandro Vilches, se restituyan las pensiones no contributivas por invalidez laboral dadas de baja-<\/p>\n","protected":false},"author":1,"featured_media":16566,"comment_status":"closed","ping_status":"closed","sticky":false,"template":"","format":"standard","meta":{"footnotes":""},"categories":[1],"tags":[],"class_list":["post-16565","post","type-post","status-publish","format-standard","has-post-thumbnail","hentry","category-noticias"],"_links":{"self":[{"href":"https:\/\/defensoriaformosa.gob.ar\/index.php?rest_route=\/wp\/v2\/posts\/16565","targetHints":{"allow":["GET"]}}],"collection":[{"href":"https:\/\/defensoriaformosa.gob.ar\/index.php?rest_route=\/wp\/v2\/posts"}],"about":[{"href":"https:\/\/defensoriaformosa.gob.ar\/index.php?rest_route=\/wp\/v2\/types\/post"}],"author":[{"embeddable":true,"href":"https:\/\/defensoriaformosa.gob.ar\/index.php?rest_route=\/wp\/v2\/users\/1"}],"replies":[{"embeddable":true,"href":"https:\/\/defensoriaformosa.gob.ar\/index.php?rest_route=%2Fwp%2Fv2%2Fcomments&post=16565"}],"version-history":[{"count":2,"href":"https:\/\/defensoriaformosa.gob.ar\/index.php?rest_route=\/wp\/v2\/posts\/16565\/revisions"}],"predecessor-version":[{"id":16569,"href":"https:\/\/defensoriaformosa.gob.ar\/index.php?rest_route=\/wp\/v2\/posts\/16565\/revisions\/16569"}],"wp:featuredmedia":[{"embeddable":true,"href":"https:\/\/defensoriaformosa.gob.ar\/index.php?rest_route=\/wp\/v2\/media\/16566"}],"wp:attachment":[{"href":"https:\/\/defensoriaformosa.gob.ar\/index.php?rest_route=%2Fwp%2Fv2%2Fmedia&parent=16565"}],"wp:term":[{"taxonomy":"category","embeddable":true,"href":"https:\/\/defensoriaformosa.gob.ar\/index.php?rest_route=%2Fwp%2Fv2%2Fcategories&post=16565"},{"taxonomy":"post_tag","embeddable":true,"href":"https:\/\/defensoriaformosa.gob.ar\/index.php?rest_route=%2Fwp%2Fv2%2Ftags&post=16565"}],"curies":[{"name":"wp","href":"https:\/\/api.w.org\/{rel}","templated":true}]}}