{"id":16562,"date":"2025-09-18T14:48:45","date_gmt":"2025-09-18T17:48:45","guid":{"rendered":"https:\/\/defensoriaformosa.gob.ar\/?p=16562"},"modified":"2025-09-19T14:51:29","modified_gmt":"2025-09-19T17:51:29","slug":"luego-de-la-denuncia-penal-de-la-defensoria-del-pueblo-el-gobierno-nacional-libero-el-pago-de-las-pensiones-por-discapacidad-en-la-provincia","status":"publish","type":"post","link":"https:\/\/defensoriaformosa.gob.ar\/?p=16562","title":{"rendered":"LUEGO DE LA DENUNCIA PENAL DE LA DEFENSOR\u00cdA DEL PUEBLO EL GOBIERNO NACIONAL LIBER\u00d3 EL PAGO DE LAS PENSIONES POR DISCAPACIDAD EN LA PROVINCIA"},"content":{"rendered":"<p><strong>As\u00ed lo informaron desde el Organismo de la Constituci\u00f3n, desde donde resaltaron la demora de un mes, del Gobierno de Javier Milei, en cumplir una orden judicial. Lo cual caus\u00f3 enormes perjuicios a los damnificados por la suspensi\u00f3n de sus pensiones no contributivas por discapacidad laborativa, quienes dispon\u00edan de dichos ingresos para su subsistencia, alimentaci\u00f3n, medicamentos, tratamientos m\u00e9dicos etc. <\/strong><\/p>\n<p><!--more--><\/p>\n<p>El Defensor del Pueblo de la Provincia, Jos\u00e9 Leonardo Gialluca, confirm\u00f3, el dictado de una resoluci\u00f3n que recepta el informe de la Agencia Nacional de Discapacidad que lleva fecha 18 de septiembre de 2025 y el n\u00famero 104086490-APN-DE#AND, la cual dispone dejar sin efecto las suspensiones de los beneficios de las personas identificadas en el Anexo I (IF.2025-103713670-APNDAAEY#AND), en cumplimiento de la manda judicial en la causa que impuls\u00f3 la Defensor\u00eda del Pueblo, a favor de todos los beneficiaros de pensiones no contributivas por invalidez laborativa de la Provincia de Formosa y para que se liberen los fondos que les fueron retenidos luego de una pseudo auditor\u00eda, cuestionada por el Organismo de la Constituci\u00f3n, por su ilegalidad y arbitrariedad, pues vulneraba el trato digno que se merecen las personas con discapacidad, el derecho de defensa de las mismas, el derecho a la informaci\u00f3n, al debido proceso, a la consulta a organismos especializados para realizar el procedimiento de revisi\u00f3n del otorgamiento de pensiones, habi\u00e9ndose dispuesto algo inaudito cual es la \u201csuspensi\u00f3n preventiva\u201d de las pensiones sin cumplir con ning\u00fan tipo de recaudo constitucional o legal previsto para la tutela de los derechos de un colectivo extremadamente vulnerable como lo son las personas con discapacidad.<\/p>\n<p>Lo que motiv\u00f3 que conjuntamente la Asociaci\u00f3n Camino Azul de Formosa, el Defensor del Pueblo de la Provincia y un grupo de damnificados por la medida lesiva, interpusieran una acci\u00f3n de Amparo, a fin de salvaguardar los derechos de los pensionados por discapacidad no laborativa de todo el territorio provincial. Como resultado, la Jueza Federal N.\u00ba 1 de Formosa, Dra. Bel\u00e9n L\u00f3pez Mac\u00e9, orden\u00f3 una Medida Cautelar, de cumplimiento en veinticuatro (24) hs. a los efectos que se restituyan las pensiones ilegalmente retenidas. Mientras tanto, se sustancia el pedido de los demandantes para que se realicen las auditor\u00edas en legal y debida forma.<\/p>\n<p>A este respecto el Ombudsman Provincial, Jos\u00e9 Leonardo Gialluca, expres\u00f3: \u201cEl cumplimiento cabal de la manda judicial, se concretar\u00eda con la liberaci\u00f3n de los fondos retenidos \u201ca todas las personas con discapacidad laborativa residentes en el territorio de la Provincia de Formosa. La Agencia Nacional de Discapacidad (ANDIS) ha comunicado que acata la orden de la magistrada interviniente, haciendo menci\u00f3n a un Anexo, en el cual, estimamos, se encuentran incluidas las personas beneficiadas por el cumplimiento de la orden judicial dada. No pudimos tener acceso a este Anexo, tenemos entendido que el Tribunal tampoco, pues no se ha subido el mismo al sistema. Por lo que exigiremos la inmediata remisi\u00f3n del referido listado, sin perjuicio de ir verificando, por intermedio de los pensionados, que est\u00e1n percibiendo sus ingresos luego del levantamiento de la suspensi\u00f3n. De faltar alguna persona residente en Formosa a la cual no se le restituya su beneficio, se entender\u00e1 que la medida \u201ca\u00fan no est\u00e1 cumplida\u201d, lo cual lo definiremos, a m\u00e1s tardar este viernes, si as\u00ed se remite el susodicho Anexo.\u201d<\/p>\n","protected":false},"excerpt":{"rendered":"<p>As\u00ed lo informaron desde el Organismo de la Constituci\u00f3n, desde donde resaltaron la demora de un mes, del Gobierno de Javier Milei, en cumplir una orden judicial. Lo cual caus\u00f3 enormes perjuicios a los damnificados por la suspensi\u00f3n de sus pensiones no contributivas por discapacidad laborativa, quienes dispon\u00edan de dichos ingresos para su subsistencia, alimentaci\u00f3n, [&hellip;]<\/p>\n","protected":false},"author":1,"featured_media":16563,"comment_status":"closed","ping_status":"closed","sticky":false,"template":"","format":"standard","meta":{"footnotes":""},"categories":[1],"tags":[],"class_list":["post-16562","post","type-post","status-publish","format-standard","has-post-thumbnail","hentry","category-noticias"],"_links":{"self":[{"href":"https:\/\/defensoriaformosa.gob.ar\/index.php?rest_route=\/wp\/v2\/posts\/16562","targetHints":{"allow":["GET"]}}],"collection":[{"href":"https:\/\/defensoriaformosa.gob.ar\/index.php?rest_route=\/wp\/v2\/posts"}],"about":[{"href":"https:\/\/defensoriaformosa.gob.ar\/index.php?rest_route=\/wp\/v2\/types\/post"}],"author":[{"embeddable":true,"href":"https:\/\/defensoriaformosa.gob.ar\/index.php?rest_route=\/wp\/v2\/users\/1"}],"replies":[{"embeddable":true,"href":"https:\/\/defensoriaformosa.gob.ar\/index.php?rest_route=%2Fwp%2Fv2%2Fcomments&post=16562"}],"version-history":[{"count":1,"href":"https:\/\/defensoriaformosa.gob.ar\/index.php?rest_route=\/wp\/v2\/posts\/16562\/revisions"}],"predecessor-version":[{"id":16564,"href":"https:\/\/defensoriaformosa.gob.ar\/index.php?rest_route=\/wp\/v2\/posts\/16562\/revisions\/16564"}],"wp:featuredmedia":[{"embeddable":true,"href":"https:\/\/defensoriaformosa.gob.ar\/index.php?rest_route=\/wp\/v2\/media\/16563"}],"wp:attachment":[{"href":"https:\/\/defensoriaformosa.gob.ar\/index.php?rest_route=%2Fwp%2Fv2%2Fmedia&parent=16562"}],"wp:term":[{"taxonomy":"category","embeddable":true,"href":"https:\/\/defensoriaformosa.gob.ar\/index.php?rest_route=%2Fwp%2Fv2%2Fcategories&post=16562"},{"taxonomy":"post_tag","embeddable":true,"href":"https:\/\/defensoriaformosa.gob.ar\/index.php?rest_route=%2Fwp%2Fv2%2Ftags&post=16562"}],"curies":[{"name":"wp","href":"https:\/\/api.w.org\/{rel}","templated":true}]}}