{"id":16555,"date":"2025-09-16T17:10:27","date_gmt":"2025-09-16T20:10:27","guid":{"rendered":"https:\/\/defensoriaformosa.gob.ar\/?p=16555"},"modified":"2025-09-16T17:10:27","modified_gmt":"2025-09-16T20:10:27","slug":"califican-de-inhumano-el-trato-que-da-el-gobierno-nacional-a-las-personas-con-discapacidad","status":"publish","type":"post","link":"https:\/\/defensoriaformosa.gob.ar\/?p=16555","title":{"rendered":"CALIFICAN DE INHUMANO EL TRATO QUE DA EL GOBIERNO NACIONAL A LAS PERSONAS CON DISCAPACIDAD"},"content":{"rendered":"<p><strong>-Gialluca RESPONSABILIZ\u00d3 AL ESTADO NACIONAL por cualquier da\u00f1o irreparable, que se produzca como consecuencia de la SUSPENSI\u00d3N ILEGAL DE LAS PENSIONES en nuestra Provincia y le pidi\u00f3 al Presidente de la Naci\u00f3n, como as\u00ed tambi\u00e9n, al Ministro de Salud y al Interventor de la ANDIS Alejandro Vilches \u201cque dejen de jugar con la discapacidad, que dejen de manipular los datos sobre pensiones, pues en un pa\u00eds donde cada recorte se disfraza de -eficiencia- y cada derecho vulnerado se justifica en nombre del -ajuste-, ahora se promete en el Presupuesto 2026, aumentos de fondos siendo que, hace apenas unos d\u00edas, vetaban leyes sancionadas por el Congreso que dispon\u00edan exactamente lo mismo, con n\u00fameros trastornados que confirman un mayor ajuste para pagar la deuda\u201d<\/strong><\/p>\n<p><!--more--><\/p>\n<p>El Ombudsman Provincial, Dr. Jos\u00e9 Leonardo Gialluca, responsabiliz\u00f3 al Gobierno Nacional de Javier Milei de cualquier consecuencia no querida que se derive de la suspensi\u00f3n arbitraria e ilegal de los beneficios previsionales aplicada a las personas con discapacidad laborativa que habiten en nuestra Provincia.<\/p>\n<p>El Funcionario Provincial destac\u00f3 que: \u201cDesde un comienzo hemos denunciado las numerosas irregularidades en las que incurr\u00eda la pretendida auditor\u00eda que realiz\u00f3 la ANDIS, a cargo entonces de Diego Spagnuolo, hoy investigado por presuntas coimas\u201d. Esta supuesta auditor\u00eda naci\u00f3 herida de muerte, desde el comienzo, el Decreto sobre el cual se asentaba es inconstitucional, pues preve\u00eda un retroceso en cuanto a los derechos de las personas con discapacidad, las Resoluciones de la ANDIS estaban viciadas de ilegalidad y nulidades absolutas, pues desconoc\u00edan postulados de la Constituci\u00f3n Nacional y Normas Internacionales que aseguran el trato digno a este colectivo altamente vulnerable, el debido proceso, el derecho a la informaci\u00f3n y la participaci\u00f3n de los organismos y entidades defensoras de sus derechos, para la realizaci\u00f3n de las mismas, las cuales me adelanto a decir, fueron realizadas en todos los gobiernos y que estamos de acuerdo con ellas, pero siempre cumpliendo con las normas que protegen a las personas con discapacidad, miles de las cuales hoy, se encuentran sin ingresos para su subsistencia y sin coberturas sanitarias, frente a un Gobierno Nacional que result\u00f3 condenado e intimado a liberar los fondos de las pensiones suspendidas, estando hoy judicialmente multado por no cumplir con dicha orden y su representante, el actual Interventor de la ANDIS, Alejando Vilches, denunciado penalmente por incumplir la manda, dada por la titular del Juzgado Federal N\u00ba 1 de Formosa, Dra. Bel\u00e9n L\u00f3pez Mac\u00e9.<\/p>\n<p>Con tales antecedentes, remarc\u00f3 el Defensor del Pueblo de Formosa, ante la inacci\u00f3n del Estado Nacional, frente a una orden que ya tiene ribetes de humanitaria, no caben dudas que es el mismo Gobierno de Javier Milei, el que deber\u00e1 hacerse responsable de las consecuencias que se deriven de la falta de alimentos, tratamientos sanitarios, medicamentos, carencia de servicios y\/o cualquier otro da\u00f1o, que se derive de su inconducta, la cual tiene ribetes institucionales grav\u00edsimos y debieran ser las Autoridades Nacionales las primeras en colocarse al frente de una cruzada por los derechos de las personas con discapacidad y no estar celebrando bajas ni recortes como si fueran logros de gesti\u00f3n. Gialluca se\u00f1al\u00f3 que, Institucionalmente no nos parece correcto hablar de pensiones \u201cinvalidez laboral\u201d, es estigmatizantes y adem\u00e1s son mucho m\u00e1s que eso, son una pol\u00edtica de transferencia de ingresos destinada a paliar las desigualdades estructurales que enfrentan las personas con discapacidad en argentina, recibiendo un monto equivalente al 70% de una jubilaci\u00f3n m\u00ednima y los habilita al acceso a la cobertura sanitaria del Programa Incluir Salud.<\/p>\n","protected":false},"excerpt":{"rendered":"<p>-Gialluca RESPONSABILIZ\u00d3 AL ESTADO NACIONAL por cualquier da\u00f1o irreparable, que se produzca como consecuencia de la SUSPENSI\u00d3N ILEGAL DE LAS PENSIONES en nuestra Provincia y le pidi\u00f3 al Presidente de la Naci\u00f3n, como as\u00ed tambi\u00e9n, al Ministro de Salud y al Interventor de la ANDIS Alejandro Vilches \u201cque dejen de jugar con la discapacidad, que [&hellip;]<\/p>\n","protected":false},"author":1,"featured_media":16556,"comment_status":"closed","ping_status":"closed","sticky":false,"template":"","format":"standard","meta":{"footnotes":""},"categories":[1],"tags":[],"class_list":["post-16555","post","type-post","status-publish","format-standard","has-post-thumbnail","hentry","category-noticias"],"_links":{"self":[{"href":"https:\/\/defensoriaformosa.gob.ar\/index.php?rest_route=\/wp\/v2\/posts\/16555","targetHints":{"allow":["GET"]}}],"collection":[{"href":"https:\/\/defensoriaformosa.gob.ar\/index.php?rest_route=\/wp\/v2\/posts"}],"about":[{"href":"https:\/\/defensoriaformosa.gob.ar\/index.php?rest_route=\/wp\/v2\/types\/post"}],"author":[{"embeddable":true,"href":"https:\/\/defensoriaformosa.gob.ar\/index.php?rest_route=\/wp\/v2\/users\/1"}],"replies":[{"embeddable":true,"href":"https:\/\/defensoriaformosa.gob.ar\/index.php?rest_route=%2Fwp%2Fv2%2Fcomments&post=16555"}],"version-history":[{"count":1,"href":"https:\/\/defensoriaformosa.gob.ar\/index.php?rest_route=\/wp\/v2\/posts\/16555\/revisions"}],"predecessor-version":[{"id":16557,"href":"https:\/\/defensoriaformosa.gob.ar\/index.php?rest_route=\/wp\/v2\/posts\/16555\/revisions\/16557"}],"wp:featuredmedia":[{"embeddable":true,"href":"https:\/\/defensoriaformosa.gob.ar\/index.php?rest_route=\/wp\/v2\/media\/16556"}],"wp:attachment":[{"href":"https:\/\/defensoriaformosa.gob.ar\/index.php?rest_route=%2Fwp%2Fv2%2Fmedia&parent=16555"}],"wp:term":[{"taxonomy":"category","embeddable":true,"href":"https:\/\/defensoriaformosa.gob.ar\/index.php?rest_route=%2Fwp%2Fv2%2Fcategories&post=16555"},{"taxonomy":"post_tag","embeddable":true,"href":"https:\/\/defensoriaformosa.gob.ar\/index.php?rest_route=%2Fwp%2Fv2%2Ftags&post=16555"}],"curies":[{"name":"wp","href":"https:\/\/api.w.org\/{rel}","templated":true}]}}