{"id":16549,"date":"2025-09-13T20:18:57","date_gmt":"2025-09-13T23:18:57","guid":{"rendered":"https:\/\/defensoriaformosa.gob.ar\/?p=16549"},"modified":"2025-09-14T20:24:43","modified_gmt":"2025-09-14T23:24:43","slug":"categorico-pronunciamiento-de-los-defensores-del-pueblo-de-todo-el-pais-en-defensa-de-la-universidad-publica-y-contra-el-veto-presidencial","status":"publish","type":"post","link":"https:\/\/defensoriaformosa.gob.ar\/?p=16549","title":{"rendered":"CATEGORICO PRONUNCIAMIENTO DE LOS DEFENSORES DEL PUEBLO DE TODO EL PAIS EN DEFENSA DE LA UNIVERSIDAD PUBLICA Y CONTRA EL VETO PRESIDENCIAL"},"content":{"rendered":"<p><strong>-Gialluca sostuvo que no vamos a permitir que el Gobierno Nacional desfinancie las universidades p\u00fablicas y las silencien, pues, al sostenerlas, mantenemos la aspiraci\u00f3n \u201cde contar para el pa\u00eds, con una verg\u00fcenza menos y una libertad m\u00e1s\u201d-<\/strong><\/p>\n<p><!--more--><\/p>\n<p>La Asociaci\u00f3n de Defensoras\/es del Pueblo de la Rep\u00fablica Argentina (ADPRA), expres\u00f3 a trav\u00e9s de su Comisi\u00f3n Directiva que Preside Maria Rosa Mui\u00f1os Defensora del Pueblo de CABA, el Vicepresidente I Enrique Pochat Defensor del Pueblo del Municipio de Mor\u00f3n, el Vicepresidente II Dr. Jos\u00e9 Leonardo Gialluca Defensor del Pueblo de la Provincia de Formosa y la Vicepresidenta III Claudia Bard Defensora del Pueblo de Chubut, su profundo rechazo y en\u00e9rgico repudio al veto dispuesto por el Presidente de la Naci\u00f3n, Javier Milei, a la Ley de Financiamiento Universitario sancionada por el Honorable Congreso de la Naci\u00f3n. Dicha ley, aprobada por amplia mayor\u00eda parlamentaria, respond\u00eda a la urgencia de garantizar recursos adecuados y previsibles para el sostenimiento del sistema universitario nacional, hoy atravesado por una crisis que amenaza la continuidad de su funcionamiento. El veto presidencial constituye, en consecuencia, un golpe institucional y social de extrema gravedad. La Constituci\u00f3n Nacional consagra en su articulado el derecho de ense\u00f1ar y aprender (art. 14) as\u00ed como la obligaci\u00f3n indelegable del Congreso de dictar leyes\u00a0 que\u00a0 aseguren\u00a0 la organizaci\u00f3n, sostenimiento y financiamiento de la educaci\u00f3n p\u00fablica en todos sus niveles, promoviendo la igualdad de oportunidades y el desarrollo cient\u00edfico y tecnol\u00f3gico. A su vez, la reforma constitucional de 1994 le ha otorgado jerarqu\u00eda constitucional a los tratados internacionales de derechos humanos que reconocen el derecho a la educaci\u00f3n superior como un derecho humano fundamental (PIDESC, Protocolo de San Salvador, entre otros) (Art. 75 incas. 18, 19 y 22 CN).<\/p>\n<p>La Universidad P\u00fablica Argentina no es solo un \u00e1mbito acad\u00e9mico:\u00a0 es una instituci\u00f3n estrat\u00e9gica que desde hace m\u00e1s de un siglo constituye motor de movilidad social ascendente, producci\u00f3n de conocimiento, soberan\u00eda cultural, tecnol\u00f3gica y cient\u00edfica, y un ejemplo reconocido internacionalmente. El veto presidencial no solo desconoce este legado, sino que tambi\u00e9n se inscribe en una pol\u00edtica sistem\u00e1tica de desfinanciamiento y hostigamiento hacia la educaci\u00f3n superior p\u00fablica. La decisi\u00f3n adoptada, adem\u00e1s de menoscabar la autonom\u00eda universitaria, desoye la voluntad del Congreso de la Naci\u00f3n, \u00f3rgano representativo del pueblo y de las provincias, lesionando el principio republicano de divisi\u00f3n de poderes y debilitando los consensos b\u00e1sicos de nuestra democracia. En este contexto, desde ADPRA afirmamos que el debilitamiento de las universidades p\u00fablicas atenta contra el presente y el futuro de la sociedad argentina en su conjunto, afectando a millones de estudiantes, docentes y trabajadores, pero tambi\u00e9n al pa\u00eds entero, que se ve privado de uno de sus principales activos para el desarrollo sostenible, la justicia social y la integraci\u00f3n internacional. M\u00e1s a\u00fan, la educaci\u00f3n p\u00fablica es un derecho que los gobiernos de turno no pueden quitar o conceder discrecionalmente. Ordenar las financias p\u00fablicas no habilita vetar una ley que tiene aprobaciones legislativas sin que exista una alternativa clara al presupuesto universitario. Atacar la Universidad P\u00fablica es desconocer el legado reformista de 1918, que abri\u00f3 las puertas del saber a todo el pueblo y consagr\u00f3 la autonom\u00eda, la democracia y el pensamiento cr\u00edtico como pilares de nuestra educaci\u00f3n superior. Desfinanciar la universidad es pretender silenciarla, es retroceder a una universidad reservada para una \u00e9lite, negando derechos conquistados por generaciones enteras de argentinos y argentinas.<\/p>\n<p>El veto presidencial no es un acto de austeridad responsable, es un recorte directo al conocimiento, a la igualdad de oportunidades y al futuro productivo de la Argentina. La educaci\u00f3n no se negocia ni se ajusta; se garantiza y se conquista, por ello, levantamos la voz, porque sabemos que la Universidad P\u00fablica es la mayor obra colectiva de nuestra historia.<\/p>\n","protected":false},"excerpt":{"rendered":"<p>-Gialluca sostuvo que no vamos a permitir que el Gobierno Nacional desfinancie las universidades p\u00fablicas y las silencien, pues, al sostenerlas, mantenemos la aspiraci\u00f3n \u201cde contar para el pa\u00eds, con una verg\u00fcenza menos y una libertad m\u00e1s\u201d-<\/p>\n","protected":false},"author":1,"featured_media":16550,"comment_status":"closed","ping_status":"closed","sticky":false,"template":"","format":"standard","meta":{"footnotes":""},"categories":[1],"tags":[],"class_list":["post-16549","post","type-post","status-publish","format-standard","has-post-thumbnail","hentry","category-noticias"],"_links":{"self":[{"href":"https:\/\/defensoriaformosa.gob.ar\/index.php?rest_route=\/wp\/v2\/posts\/16549","targetHints":{"allow":["GET"]}}],"collection":[{"href":"https:\/\/defensoriaformosa.gob.ar\/index.php?rest_route=\/wp\/v2\/posts"}],"about":[{"href":"https:\/\/defensoriaformosa.gob.ar\/index.php?rest_route=\/wp\/v2\/types\/post"}],"author":[{"embeddable":true,"href":"https:\/\/defensoriaformosa.gob.ar\/index.php?rest_route=\/wp\/v2\/users\/1"}],"replies":[{"embeddable":true,"href":"https:\/\/defensoriaformosa.gob.ar\/index.php?rest_route=%2Fwp%2Fv2%2Fcomments&post=16549"}],"version-history":[{"count":1,"href":"https:\/\/defensoriaformosa.gob.ar\/index.php?rest_route=\/wp\/v2\/posts\/16549\/revisions"}],"predecessor-version":[{"id":16551,"href":"https:\/\/defensoriaformosa.gob.ar\/index.php?rest_route=\/wp\/v2\/posts\/16549\/revisions\/16551"}],"wp:featuredmedia":[{"embeddable":true,"href":"https:\/\/defensoriaformosa.gob.ar\/index.php?rest_route=\/wp\/v2\/media\/16550"}],"wp:attachment":[{"href":"https:\/\/defensoriaformosa.gob.ar\/index.php?rest_route=%2Fwp%2Fv2%2Fmedia&parent=16549"}],"wp:term":[{"taxonomy":"category","embeddable":true,"href":"https:\/\/defensoriaformosa.gob.ar\/index.php?rest_route=%2Fwp%2Fv2%2Fcategories&post=16549"},{"taxonomy":"post_tag","embeddable":true,"href":"https:\/\/defensoriaformosa.gob.ar\/index.php?rest_route=%2Fwp%2Fv2%2Ftags&post=16549"}],"curies":[{"name":"wp","href":"https:\/\/api.w.org\/{rel}","templated":true}]}}