{"id":16546,"date":"2025-09-12T20:08:49","date_gmt":"2025-09-12T23:08:49","guid":{"rendered":"https:\/\/defensoriaformosa.gob.ar\/?p=16546"},"modified":"2025-09-14T20:18:49","modified_gmt":"2025-09-14T23:18:49","slug":"denuncian-penalmente-al-interventor-de-la-andis-por-desobediencia-judicial-y-solicitan-audiencia-para-el-deposito-de-los-beneficios-a-las-personas-con-discapacidad","status":"publish","type":"post","link":"https:\/\/defensoriaformosa.gob.ar\/?p=16546","title":{"rendered":"DENUNCIAN PENALMENTE AL INTERVENTOR DE LA ANDIS POR DESOBEDIENCIA JUDICIAL Y SOLICITAN AUDIENCIA PARA EL DEPOSITO DE LOS BENEFICIOS A LAS PERSONAS CON DISCAPACIDAD"},"content":{"rendered":"<p><strong>El Defensor del Pueblo de la Provincia de Formosa, Dr. Jos\u00e9 Leonardo Gialluca, denunci\u00f3 formalmente al actual Interventor de la ANDIS, Alejandro Alberto Vilches, ante la comisi\u00f3n del hecho previsto y reprimido por el art. 239 del CPA, frente a la resistencia o desobediencia en cumplir con la orden judicial que se encuentra firme y debidamente notificada, que estableciera mediante una Sentencia Interlocutoria de fecha 19 de agosto del corriente a\u00f1o, que en el t\u00e9rmino de 24 horas, se deb\u00eda dejar sin efecto las retenciones y\/o suspensiones de las pensiones no contributivas por incapacidad laboral, dispuestas en todo el territorio de la Provincia de Formosa, liber\u00e1ndose los fondos depositados en las entidades bancarias que se encuentran retenidos en las cuentas de los beneficiarios. <\/strong><\/p>\n<p><!--more--><\/p>\n<p>El Ombudsman Provincial, se\u00f1al\u00f3 en su presentaci\u00f3n, que estamos hablando de personas que han cumplimentado con todos los requisitos legales para la obtenci\u00f3n del beneficio de una pensi\u00f3n por discapacidad no laborativa y que, de la noche a la ma\u00f1ana, han sido privados de la misma, en algunos casos, sin mediar notificaci\u00f3n alguna por parte de la ANDIS en procedimientos irregulares y marginales. Todo este colectivo de miles de personas, se encuentran actualmente en una situaci\u00f3n apremiante, con sus ingresos suspendidos, que poseen \u201cnaturaleza alimentaria\u201d, a lo que se le suma, la eliminaci\u00f3n de coberturas sanitarias indispensables para cada uno de ellos frente a sus diversas situaciones. Por otro lado, afirm\u00f3 que, es enorme la magnitud del da\u00f1o que se causa al hacerse caso omiso a la orden de un magistrado, m\u00e1xime cuando la misma ha sido ratificada por la C\u00e1mara Federal de Resistencia Provincia del Chaco, y sabiendo que los \u00f3rganos judiciales, son la \u201c\u00faltima ratio\u201d que quedan, para resolver conflictos, interviniendo solo cuando otras medidas menos invasivas e insuficientes no hubieran dado resultado.<\/p>\n<p>En este caso, la orden judicial se concret\u00f3 una vez agotadas todas las v\u00edas para resolver el presente conflicto, por lo que, la denuncia penal es la herramienta que hoy utilizamos, frente a la inacci\u00f3n del Interventor de la ANDIS y del Gobierno Nacional de Javier Milei en cumplir con una orden de un Juez de la Naci\u00f3n, \u201cconsiderando a esta conducta, como una burla a todo el sistema judicial, la cual, consolida el abuso a quienes habiendo sido damnificados por medidas abiertamente ilegales y arbitrarias, no reciben a\u00fan la reparaci\u00f3n a la que tienen derecho y los sumergen en un estado de desesperaci\u00f3n y miseria\u201d.<\/p>\n<p>Por otra parte, se solicit\u00f3 una -Audiencia Virtual-, \u00e1mbito en el cual, se buscar\u00e1 una resoluci\u00f3n inmediata en beneficio de las personas con discapacidad y deslindar las responsabilidades civiles y penales de cada una de las partes, dado que a la falta de cumplimiento de una orden judicial, se le suma una profunda indignaci\u00f3n ante la ausencia de empat\u00eda, toda vez que estas auditor\u00edas van a quedar en la nada, por haber sido irregulares y la Defensor\u00eda del Pueblo, junto a las Asociaciones y Fundaciones que nuclean a las personas con discapacidad, continuaremos al lado de las mismas frente a una decisi\u00f3n del Gobierno Nacional que se llev\u00f3 a cabo con fines \u00fanicamente fiscalistas y ultrajando los derechos a la vida, la salud y la dignidad humana de este colectivo altamente vulnerable.<\/p>\n","protected":false},"excerpt":{"rendered":"<p>El Defensor del Pueblo de la Provincia de Formosa, Dr. Jos\u00e9 Leonardo Gialluca, denunci\u00f3 formalmente al actual Interventor de la ANDIS, Alejandro Alberto Vilches, ante la comisi\u00f3n del hecho previsto y reprimido por el art. 239 del CPA, frente a la resistencia o desobediencia en cumplir con la orden judicial que se encuentra firme y [&hellip;]<\/p>\n","protected":false},"author":1,"featured_media":16547,"comment_status":"closed","ping_status":"closed","sticky":false,"template":"","format":"standard","meta":{"footnotes":""},"categories":[1],"tags":[],"class_list":["post-16546","post","type-post","status-publish","format-standard","has-post-thumbnail","hentry","category-noticias"],"_links":{"self":[{"href":"https:\/\/defensoriaformosa.gob.ar\/index.php?rest_route=\/wp\/v2\/posts\/16546","targetHints":{"allow":["GET"]}}],"collection":[{"href":"https:\/\/defensoriaformosa.gob.ar\/index.php?rest_route=\/wp\/v2\/posts"}],"about":[{"href":"https:\/\/defensoriaformosa.gob.ar\/index.php?rest_route=\/wp\/v2\/types\/post"}],"author":[{"embeddable":true,"href":"https:\/\/defensoriaformosa.gob.ar\/index.php?rest_route=\/wp\/v2\/users\/1"}],"replies":[{"embeddable":true,"href":"https:\/\/defensoriaformosa.gob.ar\/index.php?rest_route=%2Fwp%2Fv2%2Fcomments&post=16546"}],"version-history":[{"count":1,"href":"https:\/\/defensoriaformosa.gob.ar\/index.php?rest_route=\/wp\/v2\/posts\/16546\/revisions"}],"predecessor-version":[{"id":16548,"href":"https:\/\/defensoriaformosa.gob.ar\/index.php?rest_route=\/wp\/v2\/posts\/16546\/revisions\/16548"}],"wp:featuredmedia":[{"embeddable":true,"href":"https:\/\/defensoriaformosa.gob.ar\/index.php?rest_route=\/wp\/v2\/media\/16547"}],"wp:attachment":[{"href":"https:\/\/defensoriaformosa.gob.ar\/index.php?rest_route=%2Fwp%2Fv2%2Fmedia&parent=16546"}],"wp:term":[{"taxonomy":"category","embeddable":true,"href":"https:\/\/defensoriaformosa.gob.ar\/index.php?rest_route=%2Fwp%2Fv2%2Fcategories&post=16546"},{"taxonomy":"post_tag","embeddable":true,"href":"https:\/\/defensoriaformosa.gob.ar\/index.php?rest_route=%2Fwp%2Fv2%2Ftags&post=16546"}],"curies":[{"name":"wp","href":"https:\/\/api.w.org\/{rel}","templated":true}]}}