{"id":16539,"date":"2025-09-10T22:24:23","date_gmt":"2025-09-11T01:24:23","guid":{"rendered":"https:\/\/defensoriaformosa.gob.ar\/?p=16539"},"modified":"2025-09-10T22:24:23","modified_gmt":"2025-09-11T01:24:23","slug":"los-alimentos-y-bebidas-volvieron-a-superar-el-promedio-general-de-la-inflacion-difundida-por-el-indec-del-19","status":"publish","type":"post","link":"https:\/\/defensoriaformosa.gob.ar\/?p=16539","title":{"rendered":"LOS ALIMENTOS Y BEBIDAS VOLVIERON A SUPERAR EL PROMEDIO GENERAL DE LA INFLACION DIFUNDIDA POR EL INDEC DEL 1,9%"},"content":{"rendered":"<p><strong>-Con alzas de entre 2,3 y 2,6 % se explica por qu\u00e9 a los consumidores les cuesta cada vez m\u00e1s adquirir la Canasta B\u00e1sica Alimentaria, aunque el \u00edndice oficial aparezca contenido-<\/strong><\/p>\n<p><!--more--><\/p>\n<p>Desde la Defensor\u00eda del Pueblo se inform\u00f3 que seg\u00fan el INDEC la inflaci\u00f3n interanual se ubic\u00f3 adem\u00e1s en 33,6%. Los rubros importantes que m\u00e1s aumentaron fueron los relacionados a servicios: Transporte (3,6%) y Vivienda, agua, energ\u00eda el\u00e9ctrica, gas y otros combustibles (2,7%), mientras que, en los bienes, la ca\u00edda en el consumo por la recesi\u00f3n los ubic\u00f3 por debajo del nivel general, destacando la deflaci\u00f3n en prendas de vestir y calzado (-0,3%). Los salarios, congelados por el Gobierno Nacional, siguen corriendo por detr\u00e1s de la inflaci\u00f3n. Este mi\u00e9rcoles el Instituto Nacional de Estad\u00edsticas y Censos public\u00f3 el \u00edndice de precios (IPC) correspondiente a agosto, luego de 3 meses consecutivos en ascenso, el \u00edndice se ubic\u00f3 en el mismo nivel que el mes pasado. Luego de 3 meses consecutivos en ascenso, el \u00edndice se ubic\u00f3 en mismo nivel que el mes pasado.<\/p>\n<p>La intervenci\u00f3n del d\u00f3lar del Gobierno Nacional como ancla inflacionaria, que est\u00e1 generando una sangr\u00eda diaria de divisas (producto de la fuerte salida de d\u00f3lares y monedas extranjeras de las reservas del BCRA para intervenir en el mercado cambiario), y la ca\u00edda del consumo producto de la recesi\u00f3n, son algunas claves para entender el n\u00famero que difunde el INDEC. Por otro lado, el retraso del Gobierno en la actualizaci\u00f3n metodol\u00f3gica del \u00edndice, que subestima la porci\u00f3n de gasto en servicios (los que m\u00e1s aumentan) tambi\u00e9n explica el bajo \u00edndice inflacionario. En ese sentido, un \u00edtem a destacar son la variaci\u00f3n del gasto en alquiler (con una tendencia creciente de menos propietarios y m\u00e1s personas alquilando), donde los \u00edndices interanuales cuadruplican al nivel general que se ubic\u00f3 en 33,6%, entre otros costos que deben enfrentar los consumidores y usuarios.<\/p>\n<p>El Ombudsman Provincial Dr. Jos\u00e9 Leonardo Gialluca, expres\u00f3 que una familia tipo necesita ganar $ 1.160.780 al mes para no ser pobre. En tanto, la l\u00ednea de indigencia qued\u00f3 en $ 550.529. De esta manera, las familias que no logran reunir esos montos mensualmente, no alcanzan a cubrir las necesidades m\u00ednimas de alimentaci\u00f3n.<\/p>\n","protected":false},"excerpt":{"rendered":"<p>-Con alzas de entre 2,3 y 2,6 % se explica por qu\u00e9 a los consumidores les cuesta cada vez m\u00e1s adquirir la Canasta B\u00e1sica Alimentaria, aunque el \u00edndice oficial aparezca contenido-<\/p>\n","protected":false},"author":1,"featured_media":16540,"comment_status":"closed","ping_status":"closed","sticky":false,"template":"","format":"standard","meta":{"footnotes":""},"categories":[1],"tags":[],"class_list":["post-16539","post","type-post","status-publish","format-standard","has-post-thumbnail","hentry","category-noticias"],"_links":{"self":[{"href":"https:\/\/defensoriaformosa.gob.ar\/index.php?rest_route=\/wp\/v2\/posts\/16539","targetHints":{"allow":["GET"]}}],"collection":[{"href":"https:\/\/defensoriaformosa.gob.ar\/index.php?rest_route=\/wp\/v2\/posts"}],"about":[{"href":"https:\/\/defensoriaformosa.gob.ar\/index.php?rest_route=\/wp\/v2\/types\/post"}],"author":[{"embeddable":true,"href":"https:\/\/defensoriaformosa.gob.ar\/index.php?rest_route=\/wp\/v2\/users\/1"}],"replies":[{"embeddable":true,"href":"https:\/\/defensoriaformosa.gob.ar\/index.php?rest_route=%2Fwp%2Fv2%2Fcomments&post=16539"}],"version-history":[{"count":1,"href":"https:\/\/defensoriaformosa.gob.ar\/index.php?rest_route=\/wp\/v2\/posts\/16539\/revisions"}],"predecessor-version":[{"id":16541,"href":"https:\/\/defensoriaformosa.gob.ar\/index.php?rest_route=\/wp\/v2\/posts\/16539\/revisions\/16541"}],"wp:featuredmedia":[{"embeddable":true,"href":"https:\/\/defensoriaformosa.gob.ar\/index.php?rest_route=\/wp\/v2\/media\/16540"}],"wp:attachment":[{"href":"https:\/\/defensoriaformosa.gob.ar\/index.php?rest_route=%2Fwp%2Fv2%2Fmedia&parent=16539"}],"wp:term":[{"taxonomy":"category","embeddable":true,"href":"https:\/\/defensoriaformosa.gob.ar\/index.php?rest_route=%2Fwp%2Fv2%2Fcategories&post=16539"},{"taxonomy":"post_tag","embeddable":true,"href":"https:\/\/defensoriaformosa.gob.ar\/index.php?rest_route=%2Fwp%2Fv2%2Ftags&post=16539"}],"curies":[{"name":"wp","href":"https:\/\/api.w.org\/{rel}","templated":true}]}}