{"id":16533,"date":"2025-09-09T09:07:00","date_gmt":"2025-09-09T12:07:00","guid":{"rendered":"https:\/\/defensoriaformosa.gob.ar\/?p=16533"},"modified":"2025-09-10T09:09:38","modified_gmt":"2025-09-10T12:09:38","slug":"la-comision-de-discapacidad-de-la-camara-de-diputados-de-la-nacion-solicito-dejar-de-lado-las-suspensiones-de-las-pensiones","status":"publish","type":"post","link":"https:\/\/defensoriaformosa.gob.ar\/?p=16533","title":{"rendered":"LA COMISION DE DISCAPACIDAD DE LA CAMARA DE DIPUTADOS DE LA NACION SOLICITO DEJAR DE LADO LAS SUSPENSIONES DE LAS PENSIONES"},"content":{"rendered":"<p><strong>-Se propuso reemplazar la actual conducci\u00f3n unipersonal y discrecional de la ANDIS por una Comisi\u00f3n Directiva Colegiada de siete miembros: un presidente y un vicepresidente designados por el Ejecutivo; dos vocales en nombre del COFEDIS (Consejo Federal de Discapacidad) y otros tres vocales en nombre de las asociaciones civiles abocadas al tema-<\/strong><\/p>\n<p><!--more--><\/p>\n<p>En horas de la ma\u00f1ana de este martes 9 de septiembre, la Defensor\u00eda del Pueblo particip\u00f3 en una Reuni\u00f3n Resolutiva de la Comisi\u00f3n de Discapacidad que preside el diputado Daniel Arroyo. El mismo se\u00f1al\u00f3 que la emergencia en discapacidad es ley y hay que ponerla en marcha. El Senado ha enviado la comunicaci\u00f3n correspondiente al Poder Ejecutivo y desde esta Comisi\u00f3n se har\u00e1 el seguimiento correspondiente. Arroyo explic\u00f3 que ahora el Jefe de Gabinete deber\u00e1 reasignar partidas presupuestarias para volcarlas en la Agencia Nacional de Discapacidad (ANDIS), que deber\u00e1 ejecutar la ley. Esto, permitir\u00e1 entre otras cosas \u201creordenar el nomenclador\u201d a trav\u00e9s de una compensaci\u00f3n a los prestadores al mes diciembre de 2023 y la actualizaci\u00f3n de los aranceles por inflaci\u00f3n hacia adelante. Por otra parte, los Diputados de Democracia para Siempre, la UCR, Encuentro Federal y la Coalici\u00f3n C\u00edvica encabezados por la radical, Mariela Coletta, enviaron una nota a Miguel Pichetto, titular de la Bicameral Mixta Revisora de Cuentas, para pedir que la AGN (Auditor\u00eda General de la Naci\u00f3n) audite los contratos de la ANDIS con la droguer\u00eda Suizo Argentina. \u201cResulta imprescindible llevar adelante un control externo del funcionamiento de la ANDIS que despeje dudas sobre su labor en general y, muy espec\u00edficamente, sobre el presunto pago de sobornos en los contratos suscriptos con la droguer\u00eda Suizo Argentina\u201d, indica la misiva. Cabe recordar que la AGN no tiene auditores designados por el Congreso y se sostiene con el cuerpo t\u00e9cnico. La comisi\u00f3n liderada por Arroyo, tambi\u00e9n avanz\u00f3 con un proyecto del diputado Juan Marino, para normalizar, democratizar y transparentar la ANDIS, que est\u00e1 intervenida por Alejandro Vilches, tras las denuncias de pago de coimas reveladas en los audios del extitular del organismo, Diego Spagnuolo.<\/p>\n<p>Se afirm\u00f3 que, \u201cLa ANDIS est\u00e1 funcionando cada vez peor. Vilches no tiene firma, siguen las colas desde las 4 de la ma\u00f1ana en la misma, de personas a las que igual les dan de baja la pensi\u00f3n, y surgi\u00f3 el esc\u00e1ndalo de las 1.000 bajas diarias que hab\u00edan definido de manera arbitraria, coaccionando a trabajadores de la ANDIS a dar esas bajas a cambio de horas extra\u201d. En el mismo sentido, los diputados Eduardo Vald\u00e9s y Victoria Tolosa Paz exigieron dejar de lado las suspensiones de las pensiones. \u201c\u00bfQu\u00e9 pasa con los funcionarios que premiaban empleados para dar de baja pensiones? Esa gente sigue ah\u00ed y tiene que atender a quienes fueron damnificados por su acci\u00f3n criminal. Spagnuolo dijo en los audios que le ordenaban dar de baja las pensiones sin auditor\u00edas m\u00e9dicas\u201d, advirti\u00f3 el diputado Vald\u00e9s. Se propuso reemplazar la actual conducci\u00f3n unipersonal y discrecional de la ANDIS por una Comisi\u00f3n Directiva Colegiada de siete miembros: un presidente y un vicepresidente designados por el Ejecutivo; dos vocales en nombre del COFEDIS (Consejo Federal de Discapacidad) y otros tres vocales en nombre de las asociaciones civiles abocadas al tema. En este punto, Alejandro Vilca (Frente de Izquierda), vicepresidente de la comisi\u00f3n, acompa\u00f1\u00f3 la idea. \u201cTiene que haber un \u00f3rgano democr\u00e1tico que le de participaci\u00f3n a las organizaciones de discapacidad\u201d. Adem\u00e1s, pidi\u00f3 hacer agregados al proyecto para \u201creincorporar a m\u00e1s de 400 trabajadores despedidos de la ANDIS desde que asumi\u00f3 el Gobierno Nacional\u201d.<\/p>\n<p>&nbsp;<\/p>\n","protected":false},"excerpt":{"rendered":"<p>-Se propuso reemplazar la actual conducci\u00f3n unipersonal y discrecional de la ANDIS por una Comisi\u00f3n Directiva Colegiada de siete miembros: un presidente y un vicepresidente designados por el Ejecutivo; dos vocales en nombre del COFEDIS (Consejo Federal de Discapacidad) y otros tres vocales en nombre de las asociaciones civiles abocadas al tema-<\/p>\n","protected":false},"author":1,"featured_media":16534,"comment_status":"closed","ping_status":"closed","sticky":false,"template":"","format":"standard","meta":{"footnotes":""},"categories":[1],"tags":[],"class_list":["post-16533","post","type-post","status-publish","format-standard","has-post-thumbnail","hentry","category-noticias"],"_links":{"self":[{"href":"https:\/\/defensoriaformosa.gob.ar\/index.php?rest_route=\/wp\/v2\/posts\/16533","targetHints":{"allow":["GET"]}}],"collection":[{"href":"https:\/\/defensoriaformosa.gob.ar\/index.php?rest_route=\/wp\/v2\/posts"}],"about":[{"href":"https:\/\/defensoriaformosa.gob.ar\/index.php?rest_route=\/wp\/v2\/types\/post"}],"author":[{"embeddable":true,"href":"https:\/\/defensoriaformosa.gob.ar\/index.php?rest_route=\/wp\/v2\/users\/1"}],"replies":[{"embeddable":true,"href":"https:\/\/defensoriaformosa.gob.ar\/index.php?rest_route=%2Fwp%2Fv2%2Fcomments&post=16533"}],"version-history":[{"count":1,"href":"https:\/\/defensoriaformosa.gob.ar\/index.php?rest_route=\/wp\/v2\/posts\/16533\/revisions"}],"predecessor-version":[{"id":16535,"href":"https:\/\/defensoriaformosa.gob.ar\/index.php?rest_route=\/wp\/v2\/posts\/16533\/revisions\/16535"}],"wp:featuredmedia":[{"embeddable":true,"href":"https:\/\/defensoriaformosa.gob.ar\/index.php?rest_route=\/wp\/v2\/media\/16534"}],"wp:attachment":[{"href":"https:\/\/defensoriaformosa.gob.ar\/index.php?rest_route=%2Fwp%2Fv2%2Fmedia&parent=16533"}],"wp:term":[{"taxonomy":"category","embeddable":true,"href":"https:\/\/defensoriaformosa.gob.ar\/index.php?rest_route=%2Fwp%2Fv2%2Fcategories&post=16533"},{"taxonomy":"post_tag","embeddable":true,"href":"https:\/\/defensoriaformosa.gob.ar\/index.php?rest_route=%2Fwp%2Fv2%2Ftags&post=16533"}],"curies":[{"name":"wp","href":"https:\/\/api.w.org\/{rel}","templated":true}]}}