{"id":16527,"date":"2025-09-08T23:57:07","date_gmt":"2025-09-09T02:57:07","guid":{"rendered":"https:\/\/defensoriaformosa.gob.ar\/?p=16527"},"modified":"2025-09-08T23:57:07","modified_gmt":"2025-09-09T02:57:07","slug":"solicitan-a-las-comisiones-de-discapacidad-y-asuntos-constitucionales-la-restitucion-inmediata-de-las-pensiones-por-invalidez-laboral-que-se-dieron-de-baja","status":"publish","type":"post","link":"https:\/\/defensoriaformosa.gob.ar\/?p=16527","title":{"rendered":"SOLICITAN A LAS COMISIONES DE DISCAPACIDAD Y ASUNTOS CONSTITUCIONALES LA RESTITUCION INMEDIATA DE LAS PENSIONES POR INVALIDEZ LABORAL QUE SE DIERON DE BAJA"},"content":{"rendered":"<p><strong>-Por ahora, el Gobierno Nacional fren\u00f3 las auditor\u00edas sobre las pensiones por discapacidad y no habr\u00e1 nuevas suspensiones-<\/strong><\/p>\n<p><!--more--><\/p>\n<p>La -Direcci\u00f3n de Discapacidad- de la Defensor\u00eda del Pueblo, advirti\u00f3 que, si el actual Interventor de la ANDIS Alejandro Vilches, no cumple con la Orden Judicial de liberar los fondos depositados en las entidades bancarias que se encuentran retenidas en las cuentas de los beneficiarios en la Provincia de Formosa, \u201cse lo denunciar\u00e1 penalmente por incumplimiento de los deberes de funcionario p\u00fablico en base a lo establecido por el art\u00edculo 248 del C\u00f3digo Penal\u201d, todo ello, m\u00e1s all\u00e1 de lo que disponga el Fiscal Federal que debe dictaminar sobre esta situaci\u00f3n, la cual fue ratificada por la C\u00e1mara Federal de Resistencia.<\/p>\n<p>El Ombudsman Provincial, Dr. Jos\u00e9 Leonardo Gialluca, al mismo tiempo, dio a conocer que, frente al proyecto de ley presentado por la diputada entrerriana Blanca Osuna, que exige la restituci\u00f3n inmediata de las pensiones por invalidez laboral que se dieron de baja, \u201cse peticion\u00f3 a las Comisiones de Discapacidad y Asuntos Constitucionales, donde la primera se encuentra presidida por Daniel Arroyo y la otra por Nicol\u00e1s Mayoraz, se proceda a su urgente tratamiento con la finalidad de que el mismo se convierta en ley\u201d. En los fundamentos, se dio a conocer un informe de IDESA (Instituto para el Desarrollo Social Argentino), donde se determin\u00f3 que en las auditor\u00edas llevadas a cabo por la ANDIS \u201cel resultado fue un maltrato sistem\u00e1tico a personas con discapacidad, con largas esperas, suspensi\u00f3n arbitraria de beneficios, incumplimientos en las notificaciones, falta de informaci\u00f3n, entre otras numerosas irregularidades\u201d.<\/p>\n<p>Se puso de relieve que, esta iniciativa solicita la suspensi\u00f3n temporal de las auditor\u00edas en todo el territorio nacional, hasta tanto se garantice que los procedimientos aplicados respeten plenamente los derechos de las personas con discapacidad, conforme a la Convenci\u00f3n sobre los Derechos de las Personas con Discapacidad. Sobre la suspensi\u00f3n de las auditor\u00edas, Gialluca explic\u00f3 que \u201cdichos procesos no pueden realizarse mediante modalidades que vulneren los derechos fundamentales de las personas con discapacidad, ni que omitan los ajustes razonables que exige su participaci\u00f3n efectiva\u201d, y afirm\u00f3 que, \u201cLa \u00fanica argumentaci\u00f3n aparente de las auditorias de ANDIS es la motosierra, que aplica indiscriminadamente el Gobierno Nacional a este colectivo altamente vulnerable, que actualmente no est\u00e1 recibiendo las atenciones m\u00e9dicas necesarias y menos a\u00fan sus beneficios que les permiten adquirir lo m\u00ednimo indispensable para poder sobrevivir en el actual contexto econ\u00f3mico y social que se vive en nuestro Pa\u00eds\u201d.<\/p>\n<p>El requerimiento se apoy\u00f3, adem\u00e1s, en la Convenci\u00f3n sobre los Derechos de las Personas con Discapacidad y ahond\u00f3 que \u201cel art\u00edculo 28 establece el derecho de las personas con discapacidad a una protecci\u00f3n social adecuada, y que cualquier medida administrativa que pudiera implicar la p\u00e9rdida o suspensi\u00f3n de beneficios debe instrumentarse con salvaguardas suficientes que eviten la vulneraci\u00f3n de los mismos\u201d.<\/p>\n","protected":false},"excerpt":{"rendered":"<p>-Por ahora, el Gobierno Nacional fren\u00f3 las auditor\u00edas sobre las pensiones por discapacidad y no habr\u00e1 nuevas suspensiones-<\/p>\n","protected":false},"author":1,"featured_media":16528,"comment_status":"closed","ping_status":"closed","sticky":false,"template":"","format":"standard","meta":{"footnotes":""},"categories":[1],"tags":[],"class_list":["post-16527","post","type-post","status-publish","format-standard","has-post-thumbnail","hentry","category-noticias"],"_links":{"self":[{"href":"https:\/\/defensoriaformosa.gob.ar\/index.php?rest_route=\/wp\/v2\/posts\/16527","targetHints":{"allow":["GET"]}}],"collection":[{"href":"https:\/\/defensoriaformosa.gob.ar\/index.php?rest_route=\/wp\/v2\/posts"}],"about":[{"href":"https:\/\/defensoriaformosa.gob.ar\/index.php?rest_route=\/wp\/v2\/types\/post"}],"author":[{"embeddable":true,"href":"https:\/\/defensoriaformosa.gob.ar\/index.php?rest_route=\/wp\/v2\/users\/1"}],"replies":[{"embeddable":true,"href":"https:\/\/defensoriaformosa.gob.ar\/index.php?rest_route=%2Fwp%2Fv2%2Fcomments&post=16527"}],"version-history":[{"count":1,"href":"https:\/\/defensoriaformosa.gob.ar\/index.php?rest_route=\/wp\/v2\/posts\/16527\/revisions"}],"predecessor-version":[{"id":16529,"href":"https:\/\/defensoriaformosa.gob.ar\/index.php?rest_route=\/wp\/v2\/posts\/16527\/revisions\/16529"}],"wp:featuredmedia":[{"embeddable":true,"href":"https:\/\/defensoriaformosa.gob.ar\/index.php?rest_route=\/wp\/v2\/media\/16528"}],"wp:attachment":[{"href":"https:\/\/defensoriaformosa.gob.ar\/index.php?rest_route=%2Fwp%2Fv2%2Fmedia&parent=16527"}],"wp:term":[{"taxonomy":"category","embeddable":true,"href":"https:\/\/defensoriaformosa.gob.ar\/index.php?rest_route=%2Fwp%2Fv2%2Fcategories&post=16527"},{"taxonomy":"post_tag","embeddable":true,"href":"https:\/\/defensoriaformosa.gob.ar\/index.php?rest_route=%2Fwp%2Fv2%2Ftags&post=16527"}],"curies":[{"name":"wp","href":"https:\/\/api.w.org\/{rel}","templated":true}]}}