{"id":16524,"date":"2025-09-06T20:15:07","date_gmt":"2025-09-06T23:15:07","guid":{"rendered":"https:\/\/defensoriaformosa.gob.ar\/?p=16524"},"modified":"2025-09-07T20:18:18","modified_gmt":"2025-09-07T23:18:18","slug":"el-odepoe-afirmo-que-la-cuarta-clausula-transitoria-incorporada-a-la-reforma-de-la-constitucion-provincial-no-violenta-el-fallo-de-la-csjn","status":"publish","type":"post","link":"https:\/\/defensoriaformosa.gob.ar\/?p=16524","title":{"rendered":"EL ODEPOE AFIRMO QUE LA CUARTA CLAUSULA TRANSITORIA INCORPORADA A LA REFORMA DE LA CONSTITUCION PROVINCIAL NO VIOLENTA EL FALLO DE LA CSJN"},"content":{"rendered":"<p><strong>Desde el -Observatorio del Derechos Pol\u00edticos y Electorales- de la Defensoria del Pueblo de la Provincia de Formosa, se sigui\u00f3 el proceso de reforma de la Constituci\u00f3n Provincial, la cual est\u00e1 llegando a su fin. A pocos d\u00edas de sancionarse la nueva constituci\u00f3n que sentar\u00e1 las bases sobre la cual se reorganizar\u00e1, el orden pol\u00edtico, social, econ\u00f3mico y jur\u00eddico de la Provincia; este Observatorio pone \u00e9nfasis en un hecho que genera trascendencia nacional, porque motiv\u00f3 otrora la intervenci\u00f3n de la Corte Suprema de Justicia de la Naci\u00f3n, quien declar\u00f3 la inconstitucionalidad del art 132 de la Constituci\u00f3n (2003) sometida a reforma.\u00a0 <\/strong><\/p>\n<p><!--more--><\/p>\n<p>En dicha oportunidad la Corte Suprema de Justicia dej\u00f3 sentado con claridad que: la intervenci\u00f3n de m\u00e1ximo tribunal, debe limitarse a la invalidaci\u00f3n de la norma bajo examen, est\u00e1ndole vedado ofrecer una alternativa espec\u00edfica en su reemplazo, so pena de inmiscuirse en el poder constituyente local, con menoscabo del sistema federal previsto en la misma cl\u00e1usula que el republicanismo (art\u00edculo 1\u00b0 de la Constituci\u00f3n Nacional), cuya salvaguarda se procura con la presente decisi\u00f3n.<\/p>\n<p>Por consiguiente- sigui\u00f3 diciendo la Corte-, el texto de la cl\u00e1usula reeleccionista formose\u00f1a, deber\u00e1 ser corregido mediante el procedimiento constitucional previsto en la carta magna provincial. Previa a esta decisi\u00f3n, ya exist\u00eda llamado a Asamblea Constituyente, a fin de sentar las bases de una Constituci\u00f3n para la Provincia que, incorporando institutos, nuevas garant\u00edas, entre otras, garanticen el mayor goce de derechos en vista al desarrollo de futuras generaciones, lo que ameritaba una reforma total de sus art\u00edculos. Avocados a dicha tarea y luego que la Corte Nacional declarara la inconstitucionalidad de una de las clausulas, la Asamblea Constituyente, m\u00e1xima expresi\u00f3n de la soberan\u00eda popular, dict\u00f3 una nueva norma que limita a dos mandatos el ejercicio de cargos de Gobernador y Vicegobernador con cl\u00e1usulas transitorias que sirven de puente jur\u00eddico entre el antiguo orden y el nuevo, resultando trascendentes para evitar vac\u00edos y discusiones de interpretaci\u00f3n o an\u00e1lisis extra\u00f1os a la decisi\u00f3n de la Asamblea Constituyente o que contradigan al esp\u00edritu de la misma, mostrando que el Derecho Constitucional se adapta a las realidades pol\u00edticas concretas tal como se hiciera en la Constituci\u00f3n Nacional cuando fue reformada la cl\u00e1usula referida al cargo de Presidente y que en su momento habilit\u00f3 la reelecci\u00f3n del Dr. Carlos Sa\u00fal Menem.<\/p>\n<p>As\u00ed como reconoci\u00f3 la Corte Suprema en su fallo -respecto a la reelecci\u00f3n- en salvaguarda del republicanismo le est\u00e1 vedada inmiscuirse en las decisiones del poder constituyente porque la asamblea tiene car\u00e1cter soberano. Por tanto, cualquier juez que dicte una resoluci\u00f3n que contradiga lo dispuesto en \u00e9sta, no solo burlar\u00eda su voluntad sino adem\u00e1s incurrir\u00eda en un acto de gravedad institucional, pues se violar\u00eda el principio de supremac\u00eda constitucional y se erosionar\u00eda la legitimidad institucional generando un grave conflicto de poderes. Estamos ante la presencia de un momento hist\u00f3rico frente a una nueva constituci\u00f3n que ser\u00e1 promulgada por la voluntad del pueblo, convocado, consultado y representado. En consecuencia, como Pueblo decimos: Hacemos una constituci\u00f3n para nosotros mismos y si es necesaria una reforma nosotros el pueblo asumimos tambi\u00e9n esa tarea, porque en un r\u00e9gimen democr\u00e1tico y republicano, la voz del pueblo donde reside la soberan\u00eda sigue siendo la voz de Dios.<\/p>\n","protected":false},"excerpt":{"rendered":"<p>Desde el -Observatorio del Derechos Pol\u00edticos y Electorales- de la Defensoria del Pueblo de la Provincia de Formosa, se sigui\u00f3 el proceso de reforma de la Constituci\u00f3n Provincial, la cual est\u00e1 llegando a su fin. A pocos d\u00edas de sancionarse la nueva constituci\u00f3n que sentar\u00e1 las bases sobre la cual se reorganizar\u00e1, el orden pol\u00edtico, [&hellip;]<\/p>\n","protected":false},"author":1,"featured_media":16525,"comment_status":"closed","ping_status":"closed","sticky":false,"template":"","format":"standard","meta":{"footnotes":""},"categories":[1],"tags":[],"class_list":["post-16524","post","type-post","status-publish","format-standard","has-post-thumbnail","hentry","category-noticias"],"_links":{"self":[{"href":"https:\/\/defensoriaformosa.gob.ar\/index.php?rest_route=\/wp\/v2\/posts\/16524","targetHints":{"allow":["GET"]}}],"collection":[{"href":"https:\/\/defensoriaformosa.gob.ar\/index.php?rest_route=\/wp\/v2\/posts"}],"about":[{"href":"https:\/\/defensoriaformosa.gob.ar\/index.php?rest_route=\/wp\/v2\/types\/post"}],"author":[{"embeddable":true,"href":"https:\/\/defensoriaformosa.gob.ar\/index.php?rest_route=\/wp\/v2\/users\/1"}],"replies":[{"embeddable":true,"href":"https:\/\/defensoriaformosa.gob.ar\/index.php?rest_route=%2Fwp%2Fv2%2Fcomments&post=16524"}],"version-history":[{"count":1,"href":"https:\/\/defensoriaformosa.gob.ar\/index.php?rest_route=\/wp\/v2\/posts\/16524\/revisions"}],"predecessor-version":[{"id":16526,"href":"https:\/\/defensoriaformosa.gob.ar\/index.php?rest_route=\/wp\/v2\/posts\/16524\/revisions\/16526"}],"wp:featuredmedia":[{"embeddable":true,"href":"https:\/\/defensoriaformosa.gob.ar\/index.php?rest_route=\/wp\/v2\/media\/16525"}],"wp:attachment":[{"href":"https:\/\/defensoriaformosa.gob.ar\/index.php?rest_route=%2Fwp%2Fv2%2Fmedia&parent=16524"}],"wp:term":[{"taxonomy":"category","embeddable":true,"href":"https:\/\/defensoriaformosa.gob.ar\/index.php?rest_route=%2Fwp%2Fv2%2Fcategories&post=16524"},{"taxonomy":"post_tag","embeddable":true,"href":"https:\/\/defensoriaformosa.gob.ar\/index.php?rest_route=%2Fwp%2Fv2%2Ftags&post=16524"}],"curies":[{"name":"wp","href":"https:\/\/api.w.org\/{rel}","templated":true}]}}