{"id":16521,"date":"2025-09-05T20:13:39","date_gmt":"2025-09-05T23:13:39","guid":{"rendered":"https:\/\/defensoriaformosa.gob.ar\/?p=16521"},"modified":"2025-09-07T20:14:52","modified_gmt":"2025-09-07T23:14:52","slug":"la-camara-federal-de-resistencia-rechazo-la-apelacion-de-la-andis-y-ratifico-que-debe-liberar-los-fondos-depositados-a-favor-de-los-beneficiarios-de-pensiones-no-contributivas","status":"publish","type":"post","link":"https:\/\/defensoriaformosa.gob.ar\/?p=16521","title":{"rendered":"LA CAMARA FEDERAL DE RESISTENCIA RECHAZO LA APELACION DE LA ANDIS Y RATIFICO QUE DEBE LIBERAR LOS FONDOS DEPOSITADOS A FAVOR DE LOS BENEFICIARIOS DE PENSIONES NO CONTRIBUTIVAS"},"content":{"rendered":"<p><strong>-El Ministro de Salud de la Naci\u00f3n, Dr. Mario Lugones, anunci\u00f3 en el d\u00eda de la fecha, que el Gobierno Nacional, fren\u00f3 las Auditor\u00edas en Curso sobre las pensiones por discapacidad y revisar\u00e1 las 128.667 bajas efectuadas. En relaci\u00f3n a las citaciones presenciales que se vienen efectuando, expres\u00f3 que las mismas quedan suspendidas, por lo que, no se realizar\u00e1n entrevistas ni controles presenciales para validar pensiones-<\/strong><\/p>\n<p><!--more--><\/p>\n<p>El Defensor del Pueblo de la Provincia de Formosa, Dr. Jos\u00e9 Leonardo Gialluca, dio a conocer que la C\u00e1mara Federal de Resistencia en el d\u00eda de ayer, con los votos de las Juezas Patricia Beatriz Garc\u00eda y Rocio Alcala, \u201crechaz\u00f3 el Recurso de Apelaci\u00f3n interpuesto por el Gobierno Nacional y la ANDIS, en consecuencia, dej\u00f3 firme y confirm\u00f3 la Medida Cautelar ordenada por la Jueza Federal de Formosa, Dra. Bel\u00e9n L\u00f3pez Mac\u00e9, estableci\u00e9ndose que, en el plazo de 24 horas se dejen sin efecto las medidas de retenci\u00f3n y\/o suspensi\u00f3n de las pensiones no contributivas por incapacidad laboral en todo el territorio de la Provincia de Formosa, debiendo liberarse los fondos depositados en las entidades bancarias que se encuentran retenidas en las cuentas de los beneficiarios\u201d. El Funcionario Provincial, se\u00f1al\u00f3 que, el Tribunal Federal, sostuvo que la apelaci\u00f3n carec\u00eda de fundamentos s\u00f3lidos, ya que la ANDIS solo se limit\u00f3 a cuestionar lo resuelto por la Jueza sin presentar argumentos concretos.<\/p>\n<p>Asimismo, remarc\u00f3 que las pensiones hab\u00edan sido otorgadas leg\u00edtimamente, a los beneficiarios al cumplir con los requisitos exigidos por la ley y que la misma no efectu\u00f3 las evaluaciones que ahora invoca para justificar las suspensiones. Por otra parte, enfatiz\u00f3 que estas pensiones constituyen el \u00fanico medio de subsistencia de las personas afectadas, siendo indispensables para su alimentaci\u00f3n, medicamentos y gastos b\u00e1sicos, por lo que, mantener la suspensi\u00f3n significar\u00eda vulnerar su dignidad y derechos humanos fundamentales.<\/p>\n<p>Finalmente, el Fallo resalt\u00f3 que se tratan de beneficios de car\u00e1cter alimentario, los que requieren una respuesta judicial inmediata, criterio protector que tambi\u00e9n sigue la CSJN, toda vez que estas categor\u00edas de personas se encuentran protegidas, no solamente por la Legislaci\u00f3n Nacional, sino tambi\u00e9n, por Tratados Internacionales vigentes, a los cuales, nuestro pa\u00eds se ha adherido. En este contexto, el Ministro de Salud de la Naci\u00f3n, Dr. Mario Lugones, anunci\u00f3 en el d\u00eda de la fecha, que el Gobierno Nacional fren\u00f3 las auditor\u00edas en curso sobre las pensiones por discapacidad y revisar\u00e1 las 111 mil bajas efectuadas, hasta tanto avance la intervenci\u00f3n, tras el esc\u00e1ndalo por los audios del Ex Titular de la ANDIS, Diego Spagnuolo, no efectu\u00e1ndose nuevas bajas y se reevaluar\u00e1n los 128.667 casos ya sancionados. En cuanto a qu\u00e9 suceder\u00e1 con quienes ya perdieron la pensi\u00f3n por discapacidad, el Gobierno Nacional confirm\u00f3 que se revisar\u00e1n las bajas aplicadas y si se detectan errores o falta de notificaciones, los beneficiarios podr\u00edan recuperar el pago de manera retroactiva.<\/p>\n<p>En relaci\u00f3n a las citaciones presenciales que se vienen efectuando, expresaron que las mismas quedan suspendidas, por lo que, no se realizar\u00e1n entrevistas ni controles presenciales para validar pensiones. Esto afecta especialmente a Provincias como Formosa, Chaco y Misiones, donde hubo m\u00e1s fallas en las notificaciones y otras irregularidades que perjudicaron a las personas con discapacidad.<\/p>\n","protected":false},"excerpt":{"rendered":"<p>-El Ministro de Salud de la Naci\u00f3n, Dr. Mario Lugones, anunci\u00f3 en el d\u00eda de la fecha, que el Gobierno Nacional, fren\u00f3 las Auditor\u00edas en Curso sobre las pensiones por discapacidad y revisar\u00e1 las 128.667 bajas efectuadas. En relaci\u00f3n a las citaciones presenciales que se vienen efectuando, expres\u00f3 que las mismas quedan suspendidas, por lo [&hellip;]<\/p>\n","protected":false},"author":1,"featured_media":16522,"comment_status":"closed","ping_status":"closed","sticky":false,"template":"","format":"standard","meta":{"footnotes":""},"categories":[1],"tags":[],"class_list":["post-16521","post","type-post","status-publish","format-standard","has-post-thumbnail","hentry","category-noticias"],"_links":{"self":[{"href":"https:\/\/defensoriaformosa.gob.ar\/index.php?rest_route=\/wp\/v2\/posts\/16521","targetHints":{"allow":["GET"]}}],"collection":[{"href":"https:\/\/defensoriaformosa.gob.ar\/index.php?rest_route=\/wp\/v2\/posts"}],"about":[{"href":"https:\/\/defensoriaformosa.gob.ar\/index.php?rest_route=\/wp\/v2\/types\/post"}],"author":[{"embeddable":true,"href":"https:\/\/defensoriaformosa.gob.ar\/index.php?rest_route=\/wp\/v2\/users\/1"}],"replies":[{"embeddable":true,"href":"https:\/\/defensoriaformosa.gob.ar\/index.php?rest_route=%2Fwp%2Fv2%2Fcomments&post=16521"}],"version-history":[{"count":1,"href":"https:\/\/defensoriaformosa.gob.ar\/index.php?rest_route=\/wp\/v2\/posts\/16521\/revisions"}],"predecessor-version":[{"id":16523,"href":"https:\/\/defensoriaformosa.gob.ar\/index.php?rest_route=\/wp\/v2\/posts\/16521\/revisions\/16523"}],"wp:featuredmedia":[{"embeddable":true,"href":"https:\/\/defensoriaformosa.gob.ar\/index.php?rest_route=\/wp\/v2\/media\/16522"}],"wp:attachment":[{"href":"https:\/\/defensoriaformosa.gob.ar\/index.php?rest_route=%2Fwp%2Fv2%2Fmedia&parent=16521"}],"wp:term":[{"taxonomy":"category","embeddable":true,"href":"https:\/\/defensoriaformosa.gob.ar\/index.php?rest_route=%2Fwp%2Fv2%2Fcategories&post=16521"},{"taxonomy":"post_tag","embeddable":true,"href":"https:\/\/defensoriaformosa.gob.ar\/index.php?rest_route=%2Fwp%2Fv2%2Ftags&post=16521"}],"curies":[{"name":"wp","href":"https:\/\/api.w.org\/{rel}","templated":true}]}}