{"id":16518,"date":"2025-09-04T07:13:17","date_gmt":"2025-09-04T10:13:17","guid":{"rendered":"https:\/\/defensoriaformosa.gob.ar\/?p=16518"},"modified":"2025-09-05T07:16:30","modified_gmt":"2025-09-05T10:16:30","slug":"la-defensoria-pidio-la-urgente-intervencion-del-presidente-y-del-ministro-de-justicia-por-los-posteo-en-x-del-gordo-dan-contra-el-senador-luis-juez","status":"publish","type":"post","link":"https:\/\/defensoriaformosa.gob.ar\/?p=16518","title":{"rendered":"LA DEFENSORIA PIDIO LA URGENTE INTERVENCI\u00d3N DEL PRESIDENTE Y DEL MINISTRO DE JUSTICIA POR LOS POSTEO EN X DEL \u00abGORDO DAN\u00bb CONTRA EL SENADOR LUIS JUEZ"},"content":{"rendered":"<p><strong>La Defensor\u00eda del Pueblo de la Provincia de Formosa, solicit\u00f3 la inmediata intervenci\u00f3n del Presidente de la Naci\u00f3n Dr. Javier Milei y del Ministro de Justicia Mariano Cuneo Libarona, ante los posteos en X de Daniel Parisini, un propagandista del Gobierno Nacional, conocido como \u201cEl Gordo Dan\u201d quien humill\u00f3 y atac\u00f3 al Senador del Pro Luis Juez y a todo el colectivo argentino de personas con discapacidad, por votar en contra del veto a la ley de emergencia en discapacidad. <\/strong><\/p>\n<p><!--more--><\/p>\n<p>En un posteo en X, Parisini hizo un repudiable comentario sobre Milagros, la hija del legislador cordob\u00e9s y quien tiene par\u00e1lisis cerebral. \u201cLuis Juez le&#8230; adentro a una mujer que no era su esposa y tuvo una hija\u201d, escribi\u00f3. Luis Juez le acab\u00f3 adentro a una mujer que no era su esposa y tuvo una hija. No se hizo cargo de la nena hasta que la justicia lo oblig\u00f3. Y ahora la usa para hacer pol\u00edtica poni\u00e9ndole palos en la rueda al plan para sacar de la miseria a los argentinos del presidente Milei. pic.twitter.com\/3vVLnDp2Vb \u2014 DAN (@GordoDan_) September 4, 2025.<\/p>\n<p>Desde el Organismo de la Constituci\u00f3n, se consider\u00f3 vergonzoso el posteo y el acompa\u00f1amiento que tuvo el mismo por las m\u00e1s altas esferas del Gobierno Nacional, por lo que esperamos que den marcha atr\u00e1s y dejen de agredir, menospreciar, humillar, insultar y faltar el respeto a todo el Pueblo Argentino, \u201cen particular a las familias que poseen un integrante con alguna discapacidad y que, a esa situaci\u00f3n angustiante, deben soportar a estos nefastos personajes apoyados desde el Gobierno Nacional\u201d.<\/p>\n","protected":false},"excerpt":{"rendered":"<p>La Defensor\u00eda del Pueblo de la Provincia de Formosa, solicit\u00f3 la inmediata intervenci\u00f3n del Presidente de la Naci\u00f3n Dr. Javier Milei y del Ministro de Justicia Mariano Cuneo Libarona, ante los posteos en X de Daniel Parisini, un propagandista del Gobierno Nacional, conocido como \u201cEl Gordo Dan\u201d quien humill\u00f3 y atac\u00f3 al Senador del Pro [&hellip;]<\/p>\n","protected":false},"author":1,"featured_media":16519,"comment_status":"closed","ping_status":"closed","sticky":false,"template":"","format":"standard","meta":{"footnotes":""},"categories":[1],"tags":[],"class_list":["post-16518","post","type-post","status-publish","format-standard","has-post-thumbnail","hentry","category-noticias"],"_links":{"self":[{"href":"https:\/\/defensoriaformosa.gob.ar\/index.php?rest_route=\/wp\/v2\/posts\/16518","targetHints":{"allow":["GET"]}}],"collection":[{"href":"https:\/\/defensoriaformosa.gob.ar\/index.php?rest_route=\/wp\/v2\/posts"}],"about":[{"href":"https:\/\/defensoriaformosa.gob.ar\/index.php?rest_route=\/wp\/v2\/types\/post"}],"author":[{"embeddable":true,"href":"https:\/\/defensoriaformosa.gob.ar\/index.php?rest_route=\/wp\/v2\/users\/1"}],"replies":[{"embeddable":true,"href":"https:\/\/defensoriaformosa.gob.ar\/index.php?rest_route=%2Fwp%2Fv2%2Fcomments&post=16518"}],"version-history":[{"count":1,"href":"https:\/\/defensoriaformosa.gob.ar\/index.php?rest_route=\/wp\/v2\/posts\/16518\/revisions"}],"predecessor-version":[{"id":16520,"href":"https:\/\/defensoriaformosa.gob.ar\/index.php?rest_route=\/wp\/v2\/posts\/16518\/revisions\/16520"}],"wp:featuredmedia":[{"embeddable":true,"href":"https:\/\/defensoriaformosa.gob.ar\/index.php?rest_route=\/wp\/v2\/media\/16519"}],"wp:attachment":[{"href":"https:\/\/defensoriaformosa.gob.ar\/index.php?rest_route=%2Fwp%2Fv2%2Fmedia&parent=16518"}],"wp:term":[{"taxonomy":"category","embeddable":true,"href":"https:\/\/defensoriaformosa.gob.ar\/index.php?rest_route=%2Fwp%2Fv2%2Fcategories&post=16518"},{"taxonomy":"post_tag","embeddable":true,"href":"https:\/\/defensoriaformosa.gob.ar\/index.php?rest_route=%2Fwp%2Fv2%2Ftags&post=16518"}],"curies":[{"name":"wp","href":"https:\/\/api.w.org\/{rel}","templated":true}]}}