{"id":16510,"date":"2025-09-04T07:08:08","date_gmt":"2025-09-04T10:08:08","guid":{"rendered":"https:\/\/defensoriaformosa.gob.ar\/?p=16510"},"modified":"2025-09-05T07:13:11","modified_gmt":"2025-09-05T10:13:11","slug":"el-senado-rechazo-el-veto-presidecial-y-la-ley-de-emergencia-en-discapacidad-es-ley","status":"publish","type":"post","link":"https:\/\/defensoriaformosa.gob.ar\/?p=16510","title":{"rendered":"EL SENADO RECHAZO EL VETO PRESIDENCIAL Y LA LEY DE EMERGENCIA EN DISCAPACIDAD ES  LEY"},"content":{"rendered":"<p><strong>-Es la primera vez en 20 a\u00f1os, que el Poder Legislativo voltea un veto presidencial-<\/strong><\/p>\n<p><!--more--><\/p>\n<p>Gialluca se\u00f1al\u00f3 que, esperamos que el Presidente la aplique como corresponde y no busque<br \/>\njudicializar un tema tan sensible, de lo contrario el Congreso deber\u00eda pedir su juicio pol\u00edtico, por<br \/>\notro lado \u201clos colectivos de personas con discapacidad y esta Instituci\u00f3n lamenta profundamente<br \/>\nel voto en contra del Senador Francisco Paoltroni, quien deber\u00eda involucrarse m\u00e1s en el tema antes<br \/>\nde tomar decisiones que perjudican a personas altamente vulnerables\u201d.<\/p>\n<p>La Defensor\u00eda del Pueblo de la Provincia de Formosa, resalt\u00f3 que la Ley de Emergencia en Discapacidad, fuera ratificada por el Senado de la Naci\u00f3n. El Ombudsman Provincial Dr. Jos\u00e9 Leonardo Gialluca, se\u00f1al\u00f3 que, los<br \/>\nprincipales puntos son los siguientes: * Se establece que la emergencia en materia de discapacidad durar\u00e1 hasta el 31 de diciembre del 2026. * La presente ley es de orden p\u00fablico y rige en todo el territorio nacional. * Se establece una actualizaci\u00f3n de las prestaciones para compensar la diferencia entre los valores actuales y la inflaci\u00f3n desde el 2023 a la fecha. * Se deber\u00e1 saldar la deuda con los prestadores y actualizar mensualmente los aranceles del Sistema<br \/>\nde Prestaciones B\u00e1sicas, de acuerdo a los \u00edndices de la inflaci\u00f3n que informa el INDEC. *Las pensiones no contributivas ser\u00e1n equivalentes al 70 por ciento del haber m\u00ednimo jubilatorio. * Las personas que cobran este beneficio podr\u00e1n trabajar mientras que no supere los dos salarios m\u00ednimos. * El Poder Ejecutivo Nacional deber\u00e1 financiar con recursos del Tesoro nacional una compensaci\u00f3n de emergencia a los prestadores. * La oficina de Presupuesto del Congreso determin\u00f3 que el impacto fiscal por el aumento de las pensiones significa un refuerzo fiscal de 1.889.371 millones de pesos y 3,627.495 millones. * La diferencia del impacto fiscal se debe al n\u00famero de beneficiarios \u201cpor nuevas altas entre 493 mil y 946 mil personas, seg\u00fan distintos escenarios\u201d que podr\u00edan suceder con la nueva ley, sostuvo la OPC. * La Agencia Nacional de Discapacidad realizar\u00e1 una auditor\u00eda con el objeto de realizar una evaluaci\u00f3n justa, transparente, basada en criterios de salud y en un an\u00e1lisis integral de la situaci\u00f3n<br \/>\nsocioecon\u00f3mica de los beneficiarios. * El procedimiento de auditor\u00eda deber\u00e1 garantizar notificaciones fehacientes y el debido proceso inclusivo, que aseguren la plena participaci\u00f3n y el acceso claro a la informaci\u00f3n. * Los empleadores que tomen trabajadores con certificados de discapacidad por tiempo indeterminado ser\u00e1n eximidos del pago del cincuenta por ciento (50%) de las contribuciones patronales y a las cajas de jubilaciones por tres a\u00f1os.<\/p>\n<p>El Funcionario Provincial, adelanto que veremos c\u00f3mo queda ahora todo lo relacionado con las irregulares<br \/>\nAuditorias M\u00e9dicas que viene llevando adelante la ANDIS, \u201cpues la nueva ley ordena que la Agencia Nacional de Discapacidad realizar\u00e1 una Auditoria con el objeto de realizar una evaluaci\u00f3n justa, transparente, basada en criterios de salud y en un an\u00e1lisis integral de la situaci\u00f3n socioecon\u00f3mica de los beneficiarios\u201d criterios estos que han sido ignorados por el Gobierno Nacional, vulnerando derechos humanos de miles de ciudadanos.<\/p>\n","protected":false},"excerpt":{"rendered":"<p>-Es la primera vez en 20 a\u00f1os, que el Poder Legislativo voltea un veto presidencial-<\/p>\n","protected":false},"author":1,"featured_media":16511,"comment_status":"closed","ping_status":"closed","sticky":false,"template":"","format":"standard","meta":{"footnotes":""},"categories":[1],"tags":[],"class_list":["post-16510","post","type-post","status-publish","format-standard","has-post-thumbnail","hentry","category-noticias"],"_links":{"self":[{"href":"https:\/\/defensoriaformosa.gob.ar\/index.php?rest_route=\/wp\/v2\/posts\/16510","targetHints":{"allow":["GET"]}}],"collection":[{"href":"https:\/\/defensoriaformosa.gob.ar\/index.php?rest_route=\/wp\/v2\/posts"}],"about":[{"href":"https:\/\/defensoriaformosa.gob.ar\/index.php?rest_route=\/wp\/v2\/types\/post"}],"author":[{"embeddable":true,"href":"https:\/\/defensoriaformosa.gob.ar\/index.php?rest_route=\/wp\/v2\/users\/1"}],"replies":[{"embeddable":true,"href":"https:\/\/defensoriaformosa.gob.ar\/index.php?rest_route=%2Fwp%2Fv2%2Fcomments&post=16510"}],"version-history":[{"count":4,"href":"https:\/\/defensoriaformosa.gob.ar\/index.php?rest_route=\/wp\/v2\/posts\/16510\/revisions"}],"predecessor-version":[{"id":16517,"href":"https:\/\/defensoriaformosa.gob.ar\/index.php?rest_route=\/wp\/v2\/posts\/16510\/revisions\/16517"}],"wp:featuredmedia":[{"embeddable":true,"href":"https:\/\/defensoriaformosa.gob.ar\/index.php?rest_route=\/wp\/v2\/media\/16511"}],"wp:attachment":[{"href":"https:\/\/defensoriaformosa.gob.ar\/index.php?rest_route=%2Fwp%2Fv2%2Fmedia&parent=16510"}],"wp:term":[{"taxonomy":"category","embeddable":true,"href":"https:\/\/defensoriaformosa.gob.ar\/index.php?rest_route=%2Fwp%2Fv2%2Fcategories&post=16510"},{"taxonomy":"post_tag","embeddable":true,"href":"https:\/\/defensoriaformosa.gob.ar\/index.php?rest_route=%2Fwp%2Fv2%2Ftags&post=16510"}],"curies":[{"name":"wp","href":"https:\/\/api.w.org\/{rel}","templated":true}]}}