{"id":16507,"date":"2025-09-04T07:03:59","date_gmt":"2025-09-04T10:03:59","guid":{"rendered":"https:\/\/defensoriaformosa.gob.ar\/?p=16507"},"modified":"2025-09-05T07:07:42","modified_gmt":"2025-09-05T10:07:42","slug":"la-justicia-impuso-a-la-andis-una-multa-diaria-de-100-mil-pesos-por-no-cumplir-con-la-sentencia-a-favor-de-las-personas-con-discapacidad-y-dio-intervencion-al-fiscal-federal-por-el-delito-de-desobedie","status":"publish","type":"post","link":"https:\/\/defensoriaformosa.gob.ar\/?p=16507","title":{"rendered":"LA JUSTICIA IMPUSO A LA ANDIS UNA MULTA DIARIA DE 100 MIL PESOS POR NO CUMPLIR CON LA SENTENCIA A FAVOR DE LAS PERSONAS CON DISCAPACIDAD Y DIO INTERVENCION AL FISCAL FEDERAL POR EL DELITO DE DESOBEDIENCIA JUDICIAL"},"content":{"rendered":"<p><strong>-En el d\u00eda de la fecha, junto a Asesores Legales del IPS, se asesoraron a centenares de personas con discapacidad en la Casa de la Solidaridad del Barrio Venezuela, lo que proseguir\u00e1 el pr\u00f3ximo martes 9, en el B\u00ba Barrio Fray Salvador Gurrieri \u2013 ex Lote 111 en el Centro de Inclusi\u00f3n Digital, el mi\u00e9rcoles 10 en el B\u00ba Lote 4 y el jueves 11 en el B\u00ba Eva Per\u00f3n-<\/strong><\/p>\n<p><!--more--><\/p>\n<p>El Defensor del Pueblo de la Provincia de Formosa, Dr. Jos\u00e9 Leonardo Gialluca, se\u00f1al\u00f3 que, en la causa judicial que se sigue contra la ANDIS y que tiene por objetivo el cumplimiento de la Sentencia Interlocutoria de fecha 19 de agosto del corriente a\u00f1o y mediante la cual, se orden\u00f3 dejar sin efecto las suspensiones y\/o retenciones de pensiones no contributivas por invalidez en toda la Provincia de Formosa, disponi\u00e9ndose la inmediata liberaci\u00f3n y pago de los haberes retenidos a los beneficiarios, el Juez Federal Dr. Pablo Fernando Mor\u00e1n, \u201cante la desobediencia de la ANDIS, fij\u00f3 una multa diaria de $100.000 en concepto de astreintes, hasta tanto se acredite el fiel y total cumplimiento de la orden judicial dictada\u201d. El Funcionario Provincial, agreg\u00f3 que, ahora esperaremos el dictamen de la Fiscal\u00eda Federal que determinar\u00e1 la posible comisi\u00f3n del delito de desobediencia judicial, con lo cual, iremos solicitando los agravamientos de las sanciones necesarias contra la ANDIS, si la misma persiste en no cumplir con una orden judicial que se encuentra firme. A su vez, Gialluca denunci\u00f3 que, el Gobierno Nacional viene haciendo una fraudulenta manipulaci\u00f3n de los datos de las pensiones por discapacidad en todo el pa\u00eds. Record\u00f3 que, mientras la sociedad se indigna por la corrupci\u00f3n, el Gobierno de Javier Milei ha utilizado un discurso de \u201ccurro\u201d para recortar beneficios, ignorando la historia y los datos reales detr\u00e1s del aumento de las pensiones, al punto que, a la fecha, las auditor\u00edas no han encontrado estafa alguna contra el Estado Nacional. En agosto de 2024, el entonces director de la ANDIS, Diego Spagnuolo, anunci\u00f3 una ambiciosa auditor\u00eda para revisar casi un mill\u00f3n de pensiones por discapacidad, con el objetivo de \u201cdar de baja\u201d aquellas consideradas \u201cmal entregadas\u201d.<\/p>\n<p>Un a\u00f1o despu\u00e9s, los resultados son reveladores: * De casi un mill\u00f3n de cartas enviadas, m\u00e1s de la mitad no pudieron ser entregadas. * De las que s\u00ed se entregaron, el 91,6% de los beneficiarios asistieron a la cita. * Solo se registraron 7.211 fallecidos y 9.027 renuncias. No obstante, lo cual, el Jefe de Gabinete de la Naci\u00f3n, Guillermo Francos, anunci\u00f3 la suspensi\u00f3n de m\u00e1s de 111.000 pensiones. Esto nos muestra que, lejos de ser un proceso transparente, la auditor\u00eda se ha convertido en una herramienta para el ajuste, respaldada por denuncias de un sistema de gratificaciones a los empleados de la ANDIS por cada baja gestionada. El Gobierno Nacional ha basado su narrativa en una cifra impactante: el aumento del n\u00famero de pensiones por discapacidad de 80.000 en 2001 a 1.2 millones en 2025. Los funcionarios, como el Jefe de Gabinete Guillermo Francos y el Ministro de Econom\u00eda Luis Caputo, han calificado este crecimiento como \u201cirregular e infundamentado\u201d y un \u201ccurro\u201d. Incluso el vocero presidencial, Manuel Adorni, lleg\u00f3 a mostrar la radiograf\u00eda de un perro para justificar el fraude. Sin embargo, esta visi\u00f3n ignora un hecho hist\u00f3rico crucial. El incremento no se debe a un fraude masivo, sino a un cambio en la legislaci\u00f3n. En 2003 se elimin\u00f3 el sistema de \u201ccupo\u201d que limitaba la cantidad de pensiones y en 2014, la ratificaci\u00f3n de la Convenci\u00f3n sobre los Derechos de las Personas con Discapacidad (CDPD) le otorg\u00f3 jerarqu\u00eda constitucional, lo que oblig\u00f3 a una interpretaci\u00f3n m\u00e1s flexible de los requisitos, permitiendo que m\u00e1s personas pudieran acceder a este derecho.<\/p>\n<p>Los datos demuestran que, lejos de un abuso de beneficios, la Argentina a\u00fan tiene una deuda hist\u00f3rica con las personas con discapacidad. Seg\u00fan el censo de 2022, hay casi 6 millones de personas con alg\u00fan tipo de discapacidad en el pa\u00eds. De ellas, solo el 20% recibe una pensi\u00f3n no contributiva. Actualmente, 1.2 millones de personas reciben esta pensi\u00f3n, que es del 70% de una jubilaci\u00f3n m\u00ednima. En septiembre de 2024, su monto, incluyendo bonos, se ubica muy por debajo de la canasta b\u00e1sica de indigencia. Esto resalta que las pensiones, m\u00e1s que un privilegio, son un apoyo insuficiente para una poblaci\u00f3n vulnerable que enfrenta la exclusi\u00f3n y la falta de oportunidades. Entre tanto, el Gobierno Nacional argumenta con cifras descontextualizadas para justificar el ajuste, la realidad de las personas con discapacidad y la vulnerabilidad en la que viven, sigue siendo ignorada.<\/p>\n","protected":false},"excerpt":{"rendered":"<p>-En el d\u00eda de la fecha, junto a Asesores Legales del IPS, se asesoraron a centenares de personas con discapacidad en la Casa de la Solidaridad del Barrio Venezuela, lo que proseguir\u00e1 el pr\u00f3ximo martes 9, en el B\u00ba Barrio Fray Salvador Gurrieri \u2013 ex Lote 111 en el Centro de Inclusi\u00f3n Digital, el mi\u00e9rcoles [&hellip;]<\/p>\n","protected":false},"author":1,"featured_media":16508,"comment_status":"closed","ping_status":"closed","sticky":false,"template":"","format":"standard","meta":{"footnotes":""},"categories":[1],"tags":[],"class_list":["post-16507","post","type-post","status-publish","format-standard","has-post-thumbnail","hentry","category-noticias"],"_links":{"self":[{"href":"https:\/\/defensoriaformosa.gob.ar\/index.php?rest_route=\/wp\/v2\/posts\/16507","targetHints":{"allow":["GET"]}}],"collection":[{"href":"https:\/\/defensoriaformosa.gob.ar\/index.php?rest_route=\/wp\/v2\/posts"}],"about":[{"href":"https:\/\/defensoriaformosa.gob.ar\/index.php?rest_route=\/wp\/v2\/types\/post"}],"author":[{"embeddable":true,"href":"https:\/\/defensoriaformosa.gob.ar\/index.php?rest_route=\/wp\/v2\/users\/1"}],"replies":[{"embeddable":true,"href":"https:\/\/defensoriaformosa.gob.ar\/index.php?rest_route=%2Fwp%2Fv2%2Fcomments&post=16507"}],"version-history":[{"count":1,"href":"https:\/\/defensoriaformosa.gob.ar\/index.php?rest_route=\/wp\/v2\/posts\/16507\/revisions"}],"predecessor-version":[{"id":16509,"href":"https:\/\/defensoriaformosa.gob.ar\/index.php?rest_route=\/wp\/v2\/posts\/16507\/revisions\/16509"}],"wp:featuredmedia":[{"embeddable":true,"href":"https:\/\/defensoriaformosa.gob.ar\/index.php?rest_route=\/wp\/v2\/media\/16508"}],"wp:attachment":[{"href":"https:\/\/defensoriaformosa.gob.ar\/index.php?rest_route=%2Fwp%2Fv2%2Fmedia&parent=16507"}],"wp:term":[{"taxonomy":"category","embeddable":true,"href":"https:\/\/defensoriaformosa.gob.ar\/index.php?rest_route=%2Fwp%2Fv2%2Fcategories&post=16507"},{"taxonomy":"post_tag","embeddable":true,"href":"https:\/\/defensoriaformosa.gob.ar\/index.php?rest_route=%2Fwp%2Fv2%2Ftags&post=16507"}],"curies":[{"name":"wp","href":"https:\/\/api.w.org\/{rel}","templated":true}]}}