{"id":16501,"date":"2025-09-02T10:07:47","date_gmt":"2025-09-02T13:07:47","guid":{"rendered":"https:\/\/defensoriaformosa.gob.ar\/?p=16501"},"modified":"2025-09-03T10:08:58","modified_gmt":"2025-09-03T13:08:58","slug":"solicitan-al-interventor-de-la-andis-que-las-auditorias-se-realicen-en-los-lugares-donde-viven-las-personas-con-discapacidad","status":"publish","type":"post","link":"https:\/\/defensoriaformosa.gob.ar\/?p=16501","title":{"rendered":"SOLICITAN AL INTERVENTOR DE LA ANDIS QUE LAS AUDITORIAS SE REALICEN EN LOS LUGARES DONDE VIVEN LAS PERSONAS CON DISCAPACIDAD"},"content":{"rendered":"<p><strong>-Gialluca denunci\u00f3 que, la ANDIS lleva adelante un plan de auditor\u00edas utilizando instrumentos rudimentarios y sin un criterio estrat\u00e9gico para que los beneficiarios puedan presentarse en tiempo y forma en oficinas p\u00fablicas, siendo el resultado, un maltrato sistem\u00e1tico a personas con discapacidad, seguido de suspensiones arbitrarias que est\u00e1n generando graves problemas econ\u00f3micos, sociales y donde la Justicia junto al Congreso de la Naci\u00f3n, deben poner l\u00edmites a esta situaci\u00f3n de crueldad inusitada que no podemos tolerar, \u201cpues el Gobierno Nacional, de lo \u00fanico que se ocupa, es de pretender silenciar la investigaci\u00f3n sobre las coimas en la ANDIS mediante censuras a periodistas, en lugar de mostrarle e informarle a la poblaci\u00f3n qu\u00e9 es lo que sucedi\u00f3 con el dinero destinado para personas con discapacidad\u201d-<\/strong><\/p>\n<p><!--more--><\/p>\n<p>La Defensor\u00eda del Pueblo de la Provincia de Formosa, recepcion\u00f3 una formal solicitud de diversas Comunidades Originarias del Departamento de Ram\u00f3n Lista que, residen en forma permanente en las Localidades de El Potrillo, El Quebracho, El Chorro, Lote 8, Mar\u00eda Cristina, entre otros, cuyos integrantes, \u201cse encuentran siendo citados a la Localidad de Ing. Ju\u00e1rez en la Sede del PAMI, donde supuestamente se llevan adelante las denominadas auditor\u00edas m\u00e9dicas ordenadas por la ANDIS\u201d. El Ombudsman Provincial, Dr. Jos\u00e9 Leonardo Gialluca, denunci\u00f3 que, estas auditor\u00edas sobre pensiones no contributivas para personas con discapacidad en Formosa y en todo el Pa\u00eds, se concretan mediante un procedimiento que ha generado cuestionamientos por irregularidades y falta de profesionalismo, las mismas se realizan \u201cde manera arbitraria, inaccesible, con una falta de criterio y de profesionalismo de parte de quienes deber\u00edan hacerse cargo del procedimiento\u201d. Agreg\u00f3, adem\u00e1s, que quienes llevan adelante las auditor\u00edas muchas veces no se identifican ni explican su funci\u00f3n, lo que genera incertidumbre en los beneficiarios. En varios casos, las personas afectadas no recibieron las cartas documentos que forman parte del procedimiento formal de notificaci\u00f3n y al presentarse al cobro, encontraron que su pensi\u00f3n no hab\u00eda sido depositada. Esto est\u00e1 sucediendo desde hace bastante tiempo y afecta a personas con discapacidad que no recibieron ninguna de las dos cartas de documentos.<\/p>\n<p>Ratific\u00f3 que nos encontramos ante una situaci\u00f3n y procedimiento donde todo depende de la ANDIS, cuyas Autoridades no dan ninguna informaci\u00f3n ni respuesta sobre el particular. Destac\u00f3 que, la falta de accesibilidad en los lugares donde se realizan las auditor\u00edas, es un grave problema, ya que, son totalmente inaccesibles, se citan en oficinas p\u00fablicas de naci\u00f3n o a veces se indican direcciones incorrectas, esto dificulta la participaci\u00f3n de personas con discapacidad motora, visual o auditiva. Gialluca concluy\u00f3 que, el objetivo de las auditor\u00edas deber\u00eda ser garantizar un procedimiento justo y transparente y no la baja arbitraria de pensiones. \u201cNo estamos hablando de delirios pol\u00edticos, como lo entiende el Gobierno Nacional, nosotros estamos hablando de derechos humanos que no se est\u00e1n respetando y esto afecta la calidad de vida de miles de personas con discapacidad, cuyos derechos no se est\u00e1n garantizando y por ello, hemos acudido a la Justicia Federal, donde continuamos concretando las presentaciones necesarias, para que el Gobierno Nacional y la ANDIS cumplan con el Fallo a favor de las personas con discapacidad.<\/p>\n","protected":false},"excerpt":{"rendered":"<p>-Gialluca denunci\u00f3 que, la ANDIS lleva adelante un plan de auditor\u00edas utilizando instrumentos rudimentarios y sin un criterio estrat\u00e9gico para que los beneficiarios puedan presentarse en tiempo y forma en oficinas p\u00fablicas, siendo el resultado, un maltrato sistem\u00e1tico a personas con discapacidad, seguido de suspensiones arbitrarias que est\u00e1n generando graves problemas econ\u00f3micos, sociales y donde [&hellip;]<\/p>\n","protected":false},"author":1,"featured_media":16502,"comment_status":"closed","ping_status":"closed","sticky":false,"template":"","format":"standard","meta":{"footnotes":""},"categories":[1],"tags":[],"class_list":["post-16501","post","type-post","status-publish","format-standard","has-post-thumbnail","hentry","category-noticias"],"_links":{"self":[{"href":"https:\/\/defensoriaformosa.gob.ar\/index.php?rest_route=\/wp\/v2\/posts\/16501","targetHints":{"allow":["GET"]}}],"collection":[{"href":"https:\/\/defensoriaformosa.gob.ar\/index.php?rest_route=\/wp\/v2\/posts"}],"about":[{"href":"https:\/\/defensoriaformosa.gob.ar\/index.php?rest_route=\/wp\/v2\/types\/post"}],"author":[{"embeddable":true,"href":"https:\/\/defensoriaformosa.gob.ar\/index.php?rest_route=\/wp\/v2\/users\/1"}],"replies":[{"embeddable":true,"href":"https:\/\/defensoriaformosa.gob.ar\/index.php?rest_route=%2Fwp%2Fv2%2Fcomments&post=16501"}],"version-history":[{"count":1,"href":"https:\/\/defensoriaformosa.gob.ar\/index.php?rest_route=\/wp\/v2\/posts\/16501\/revisions"}],"predecessor-version":[{"id":16503,"href":"https:\/\/defensoriaformosa.gob.ar\/index.php?rest_route=\/wp\/v2\/posts\/16501\/revisions\/16503"}],"wp:featuredmedia":[{"embeddable":true,"href":"https:\/\/defensoriaformosa.gob.ar\/index.php?rest_route=\/wp\/v2\/media\/16502"}],"wp:attachment":[{"href":"https:\/\/defensoriaformosa.gob.ar\/index.php?rest_route=%2Fwp%2Fv2%2Fmedia&parent=16501"}],"wp:term":[{"taxonomy":"category","embeddable":true,"href":"https:\/\/defensoriaformosa.gob.ar\/index.php?rest_route=%2Fwp%2Fv2%2Fcategories&post=16501"},{"taxonomy":"post_tag","embeddable":true,"href":"https:\/\/defensoriaformosa.gob.ar\/index.php?rest_route=%2Fwp%2Fv2%2Ftags&post=16501"}],"curies":[{"name":"wp","href":"https:\/\/api.w.org\/{rel}","templated":true}]}}