{"id":16494,"date":"2025-08-30T08:58:00","date_gmt":"2025-08-30T11:58:00","guid":{"rendered":"https:\/\/defensoriaformosa.gob.ar\/?p=16494"},"modified":"2025-09-01T08:59:23","modified_gmt":"2025-09-01T11:59:23","slug":"existe-una-alta-desconfianza-de-los-consumidores-sobre-los-datos-de-inflacion-del-indec-en-cuanto-a-que-no-reflejan-el-aumento-real-del-costo-de-vida","status":"publish","type":"post","link":"https:\/\/defensoriaformosa.gob.ar\/?p=16494","title":{"rendered":"EXISTE UNA ALTA DESCONFIANZA DE LOS CONSUMIDORES SOBRE LOS DATOS DE INFLACION DEL INDEC EN CUANTO A QUE NO REFLEJAN EL AUMENTO REAL DEL COSTO DE VIDA"},"content":{"rendered":"<p><strong>-Trabajadores del INDEC calcularon que el salario m\u00ednimo deber\u00eda ser de $1.869.924 y reclaman aumento del 117%, con lo cual, el estudio realizado con datos oficiales, \u201carroja un monto que sextuplica el valor oficial vigente en julio que es de apenas $317.800\u201d, con esto, se considera una canasta m\u00e1s amplia de bienes y servicios que la que se utiliza para la elaboraci\u00f3n de la Canasta B\u00e1sica Total (CBT) que establece el umbral de la pobreza y que para dicho mes se ubic\u00f3 en los $1.149.353 para una familia integrada por 2 adultos y 2 menores, en tanto, la Canasta B\u00e1sica Alimentaria que establece el umbral de la indigencia lleg\u00f3 a los $515.405-<\/strong><\/p>\n<p><!--more--><\/p>\n<p>Se se\u00f1al\u00f3 desde la Defensor\u00eda del Pueblo que, 7 de cada 10 argentinos desconf\u00edan de los datos de inflaci\u00f3n del INDEC. Ello en base a un sondeo de la Consultora Zentrix, cuyo Director de Investigaci\u00f3n en Econom\u00eda y Comercio Internacional, Lic. Claudio Montiel, revel\u00f3 que el 67,4% de los ciudadanos cree que los \u00edndices oficiales, no reflejan su verdadero costo de vida, solo un 29,9% de los encuestados afirm\u00f3 confiar en las estad\u00edsticas oficiales del organismo. Este fen\u00f3meno deja en evidencia que, en la Argentina, incluso los indicadores econ\u00f3micos m\u00e1s t\u00e9cnicos como la inflaci\u00f3n se ven te\u00f1idos por la grieta pol\u00edtica. La encuesta tambi\u00e9n revela un contexto general de pesimismo econ\u00f3mico: el 64% de los consultados califica como negativa la situaci\u00f3n econ\u00f3mica del pa\u00eds, y m\u00e1s del 40% considera su situaci\u00f3n personal como mala o muy mala. La desconfianza hacia el no es nueva, pero se intensifica en momentos de crisis econ\u00f3mica. Con una inflaci\u00f3n interanual a\u00fan en niveles elevados y un poder adquisitivo golpeado, la percepci\u00f3n ciudadana tiende a desconectarse de los n\u00fameros oficiales y se vincula m\u00e1s con la experiencia cotidiana en g\u00f3ndolas y tarifas. El Ombudsman Provincial, Dr. Jos\u00e9 Leonardo Gialluca, se\u00f1al\u00f3 que, existe un fuerte pesimismo sobre el rumbo del pa\u00eds, m\u00e1s all\u00e1 de la mirada individual, la evaluaci\u00f3n sobre el rumbo general de la Argentina se volvi\u00f3 todav\u00eda m\u00e1s cr\u00edtica. El 64% de los encuestados califica la situaci\u00f3n nacional como \u201cmala o muy mala\u201d, un salto de 11,2 puntos porcentuales en comparaci\u00f3n con julio. En otras palabras, casi 2 de cada 3 argentinos cree que el pa\u00eds est\u00e1 peor que hace apenas un mes. En tanto, desde el INDEC, se se\u00f1ala que el nuevo IPC est\u00e1 listo, da m\u00e1s alto y el FMI permiti\u00f3 pasarlo hasta despu\u00e9s de las elecciones, con lo cual, los datos de consumo estar\u00edan m\u00e1s actualizados.<\/p>\n<p>El organismo espera mejoras en la calidad estad\u00edstica y discutir\u00e1 el impacto del cambio metodol\u00f3gico en la pr\u00f3xima revisi\u00f3n del acuerdo, en el mes de enero. Su Titular Marco Lavagna, afirm\u00f3 que, publicar\u00e1 a finales de 2025 el IPC actualizado, basado en la encuesta de gastos de los hogares de 2017\u20132018, para reflejar mejor los cambios estructurales en los patrones de costos y mejorar la calidad de los datos. La promesa del Gobierno Nacional es que el nuevo \u00edndice comenzar\u00e1 a difundirse a partir de diciembre de este a\u00f1o, luego de las elecciones legislativas. La nueva metodolog\u00eda del IPC se basa en la Encuesta Nacional de Gastos de los Hogares (ENGHo) 2017\u20132018, en reemplazo de la versi\u00f3n de 2004 actualmente vigente. Con este cambio, el \u00edndice incorporar\u00e1 nuevos bienes y servicios que forman parte del consumo habitual de la poblaci\u00f3n, como plataformas de streaming, servicios digitales, celulares y otros productos que ganaron relevancia en la \u00faltima d\u00e9cada. Adem\u00e1s, el mismo ampliar\u00e1 la cobertura del relevamiento: pasar\u00e1 de 320.000 a 500.000 precios y de 16.700 a 24.000 informantes. Tambi\u00e9n se migrar\u00e1 del sistema de formularios en papel a un sistema digital. Esto explicar\u00eda, la demora del Gobierno Nacional a publicar el nuevo \u00edndice antes de las elecciones. El informe concluye que el salario real ser\u00eda 3% m\u00e1s bajo que el que se registra con el IPC actual y que el poder adquisitivo nunca habr\u00eda recuperado los niveles previos a noviembre de 2023.<\/p>\n","protected":false},"excerpt":{"rendered":"<p>-Trabajadores del INDEC calcularon que el salario m\u00ednimo deber\u00eda ser de $1.869.924 y reclaman aumento del 117%, con lo cual, el estudio realizado con datos oficiales, \u201carroja un monto que sextuplica el valor oficial vigente en julio que es de apenas $317.800\u201d, con esto, se considera una canasta m\u00e1s amplia de bienes y servicios que [&hellip;]<\/p>\n","protected":false},"author":1,"featured_media":16495,"comment_status":"closed","ping_status":"closed","sticky":false,"template":"","format":"standard","meta":{"footnotes":""},"categories":[1],"tags":[],"class_list":["post-16494","post","type-post","status-publish","format-standard","has-post-thumbnail","hentry","category-noticias"],"_links":{"self":[{"href":"https:\/\/defensoriaformosa.gob.ar\/index.php?rest_route=\/wp\/v2\/posts\/16494","targetHints":{"allow":["GET"]}}],"collection":[{"href":"https:\/\/defensoriaformosa.gob.ar\/index.php?rest_route=\/wp\/v2\/posts"}],"about":[{"href":"https:\/\/defensoriaformosa.gob.ar\/index.php?rest_route=\/wp\/v2\/types\/post"}],"author":[{"embeddable":true,"href":"https:\/\/defensoriaformosa.gob.ar\/index.php?rest_route=\/wp\/v2\/users\/1"}],"replies":[{"embeddable":true,"href":"https:\/\/defensoriaformosa.gob.ar\/index.php?rest_route=%2Fwp%2Fv2%2Fcomments&post=16494"}],"version-history":[{"count":1,"href":"https:\/\/defensoriaformosa.gob.ar\/index.php?rest_route=\/wp\/v2\/posts\/16494\/revisions"}],"predecessor-version":[{"id":16496,"href":"https:\/\/defensoriaformosa.gob.ar\/index.php?rest_route=\/wp\/v2\/posts\/16494\/revisions\/16496"}],"wp:featuredmedia":[{"embeddable":true,"href":"https:\/\/defensoriaformosa.gob.ar\/index.php?rest_route=\/wp\/v2\/media\/16495"}],"wp:attachment":[{"href":"https:\/\/defensoriaformosa.gob.ar\/index.php?rest_route=%2Fwp%2Fv2%2Fmedia&parent=16494"}],"wp:term":[{"taxonomy":"category","embeddable":true,"href":"https:\/\/defensoriaformosa.gob.ar\/index.php?rest_route=%2Fwp%2Fv2%2Fcategories&post=16494"},{"taxonomy":"post_tag","embeddable":true,"href":"https:\/\/defensoriaformosa.gob.ar\/index.php?rest_route=%2Fwp%2Fv2%2Ftags&post=16494"}],"curies":[{"name":"wp","href":"https:\/\/api.w.org\/{rel}","templated":true}]}}