{"id":16491,"date":"2025-08-29T09:49:49","date_gmt":"2025-08-29T12:49:49","guid":{"rendered":"https:\/\/defensoriaformosa.gob.ar\/?p=16491"},"modified":"2025-08-30T09:51:22","modified_gmt":"2025-08-30T12:51:22","slug":"la-justicia-federal-intimo-a-la-andis-a-que-cumpla-con-la-sentencia-interlocutoria-en-beneficio-de-los-pensionados-por-discapacidad","status":"publish","type":"post","link":"https:\/\/defensoriaformosa.gob.ar\/?p=16491","title":{"rendered":"LA JUSTICIA FEDERAL INTIMO A LA ANDIS A QUE CUMPLA CON LA SENTENCIA INTERLOCUTORIA EN BENEFICIO DE LOS PENSIONADOS POR DISCAPACIDAD"},"content":{"rendered":"<p><strong>-Por el desguace de la ANDIS, especialmente del \u201c\u00c1rea de Auditor\u00edas\u201d, se solicit\u00f3 al Jefe de Gabinete de Ministros del Gobierno Nacional, Dr. Guillermo Alberto Francos, informe documentadamente, sobre este proceso de extremo ajuste, el cual lo lleva a disolver por un lado y en otros a reducir, a su m\u00ednima expresi\u00f3n a organismos de control, cuya funci\u00f3n es fundamental para la realizaci\u00f3n de derechos esenciales de todos los argentinos-<\/strong><\/p>\n<p><!--more--><\/p>\n<p>El Defensor del Pueblo de la Provincia de Formosa, Dr. Jos\u00e9 Leonardo Gialluca, inform\u00f3 que, en el d\u00eda de la fecha, el Dr. Pablo Fernando Mor\u00e1n, Juez Subrogante del Juzgado Federal de Formosa N\u00ba 2, \u201cOrden\u00f3 que se Intime a la Agencia Nacional de Discapacidad (ANDIS) para que, dentro del perentorio e improrrogable plazo de VEINTICUATRO (24) HORAS H\u00c1BILES, contadas a partir de su notificaci\u00f3n electr\u00f3nica, cumpla con lo ordenado en la Sentencia Interlocutoria de fecha 19 de agosto del corriente a\u00f1o, BAJO APERCIBIMIENTO de correr vista al Se\u00f1or Fiscal Federal en turno, a fin de que se expida sobre la posible comisi\u00f3n del delito de Desobediencia Judicial -art. 239 del C\u00f3digo Penal- (que se sanciona con prisi\u00f3n de quince d\u00edas a un a\u00f1o) y de aplicar sanciones conminatorias (astreintes), en los t\u00e9rminos de los art\u00edculos 37 del CPCCN y 804 del CCyCN, hasta el efectivo y total cumplimiento de lo ordenado\u201d. Se record\u00f3 que, la Jueza Federal N\u00ba 2 Mar\u00eda Bel\u00e9n L\u00f3pez Mac\u00e9, mediante Sentencia Interlocutoria hizo lugar a la Medida Cautelar, Ordenando al Estado Nacional y\/o Agencia Nacional de Discapacidad (ANDIS), a que en el plazo de 24 horas deje sin efecto la medida de retenci\u00f3n y\/o suspensi\u00f3n de las pensiones no contributivas por incapacidad laboral dispuestas en todo el territorio de la Provincia de Formosa, liberando los fondos depositados en las entidades bancarias que se encuentran retenidos en las cuentas de los beneficiarios y por otro lado, otorg\u00f3 3 meses para que las personas comprendidas dentro de este colectivo tengan la posibilidad de regularizar su situaci\u00f3n administrativa.<\/p>\n<p>El Funcionario Provincial, se\u00f1al\u00f3 que, las notificaciones ya fueron efectuadas a los domicilios constituidos por la ANDIS en nuestra provincia y que, vencido el plazo, de no cumplirse lo ordenado por la justicia, solicitaremos que el actual Interventor de la ANDIS Alejandro Vilches, sea procesado por desobediencia a la Justicia Federal de la Provincia de Formosa, imponi\u00e9ndosele adem\u00e1s, las m\u00e1s fuertes sanciones econ\u00f3micas, frente a su conducta dolosa, en perjuicio de miles de pensionados con discapacidad que residen en distintos puntos del territorio de formosa. En este contexto, el Ombudsman Provincial, dio a conocer las manifestaciones del Director Nacional de Apoyos y Asignaciones Econ\u00f3micas de la ANDIS, Eduardo Nelio Gonz\u00e1lez, en la \u00faltima Asamblea Ordinaria del Consejo Federal de Discapacidad (COFEDIS) que se realiz\u00f3 en San Juan el 12 y 13 de agosto pasado ante los m\u00e1ximos responsables de discapacidad de las provincias del pa\u00eds y de las organizaciones no gubernamentales, en las que el Funcionario Nacional, \u201crevel\u00f3 que, en 80.000 pensiones que se dieron de baja por la ANDIS, no se detectaron irregularidades, sino que fueron a causa de errores o deficiencias en las notificaciones a los discapacitados en la convocatoria a las auditor\u00edas\u201d.<\/p>\n<p>Reconoci\u00f3 que miles de personas fueron citadas a m\u00e1s de 500 km de distancia de sus domicilios e involucr\u00f3 al actual Ministro de Desregulaci\u00f3n y Transformaci\u00f3n del Estado, Dr. Federico Sturzenegger, como la persona que oblig\u00f3 a dar de baja pensiones sin controlar si estaban bien asignadas, desguazando totalmente a la ANDIS, especialmente a la -Oficina de Auditor\u00eda- que paso de tener 16 empleados a 5, oblig\u00e1ndose a las personas con discapacidad a cumplir con la presentaci\u00f3n de antecedentes m\u00e9dicos en plazos irrisorios de 10 a 20 d\u00edas totalmente imposible de realizar.<\/p>\n<p>&nbsp;<\/p>\n","protected":false},"excerpt":{"rendered":"<p>-Por el desguace de la ANDIS, especialmente del \u201c\u00c1rea de Auditor\u00edas\u201d, se solicit\u00f3 al Jefe de Gabinete de Ministros del Gobierno Nacional, Dr. Guillermo Alberto Francos, informe documentadamente, sobre este proceso de extremo ajuste, el cual lo lleva a disolver por un lado y en otros a reducir, a su m\u00ednima expresi\u00f3n a organismos de [&hellip;]<\/p>\n","protected":false},"author":1,"featured_media":16492,"comment_status":"closed","ping_status":"closed","sticky":false,"template":"","format":"standard","meta":{"footnotes":""},"categories":[1],"tags":[],"class_list":["post-16491","post","type-post","status-publish","format-standard","has-post-thumbnail","hentry","category-noticias"],"_links":{"self":[{"href":"https:\/\/defensoriaformosa.gob.ar\/index.php?rest_route=\/wp\/v2\/posts\/16491","targetHints":{"allow":["GET"]}}],"collection":[{"href":"https:\/\/defensoriaformosa.gob.ar\/index.php?rest_route=\/wp\/v2\/posts"}],"about":[{"href":"https:\/\/defensoriaformosa.gob.ar\/index.php?rest_route=\/wp\/v2\/types\/post"}],"author":[{"embeddable":true,"href":"https:\/\/defensoriaformosa.gob.ar\/index.php?rest_route=\/wp\/v2\/users\/1"}],"replies":[{"embeddable":true,"href":"https:\/\/defensoriaformosa.gob.ar\/index.php?rest_route=%2Fwp%2Fv2%2Fcomments&post=16491"}],"version-history":[{"count":1,"href":"https:\/\/defensoriaformosa.gob.ar\/index.php?rest_route=\/wp\/v2\/posts\/16491\/revisions"}],"predecessor-version":[{"id":16493,"href":"https:\/\/defensoriaformosa.gob.ar\/index.php?rest_route=\/wp\/v2\/posts\/16491\/revisions\/16493"}],"wp:featuredmedia":[{"embeddable":true,"href":"https:\/\/defensoriaformosa.gob.ar\/index.php?rest_route=\/wp\/v2\/media\/16492"}],"wp:attachment":[{"href":"https:\/\/defensoriaformosa.gob.ar\/index.php?rest_route=%2Fwp%2Fv2%2Fmedia&parent=16491"}],"wp:term":[{"taxonomy":"category","embeddable":true,"href":"https:\/\/defensoriaformosa.gob.ar\/index.php?rest_route=%2Fwp%2Fv2%2Fcategories&post=16491"},{"taxonomy":"post_tag","embeddable":true,"href":"https:\/\/defensoriaformosa.gob.ar\/index.php?rest_route=%2Fwp%2Fv2%2Ftags&post=16491"}],"curies":[{"name":"wp","href":"https:\/\/api.w.org\/{rel}","templated":true}]}}