{"id":16488,"date":"2025-08-28T09:43:49","date_gmt":"2025-08-28T12:43:49","guid":{"rendered":"https:\/\/defensoriaformosa.gob.ar\/?p=16488"},"modified":"2025-08-30T09:48:20","modified_gmt":"2025-08-30T12:48:20","slug":"se-interpuso-denuncia-contra-la-andis-por-incumplimiento-de-orden-judicial-a-favor-de-los-pensionados","status":"publish","type":"post","link":"https:\/\/defensoriaformosa.gob.ar\/?p=16488","title":{"rendered":"SE INTERPUSO DENUNCIA CONTRA LA ANDIS POR INCUMPLIMIENTO DE ORDEN JUDICIAL A FAVOR DE LOS PENSIONADOS"},"content":{"rendered":"<p><strong>-Los d\u00edas martes 2 de septiembre y mi\u00e9rcoles 3 de 8:30 a 12:00 horas, la Defensor\u00eda del Pueblo y el IPS estar\u00e1n acompa\u00f1ando y asesorando a los interesados en el Centro de Inclusi\u00f3n Digital del Lote 111, sumado al jueves 4 en la Casa de la Solidaridad del Barrio Venezuela en id\u00e9ntico horario-<\/strong><\/p>\n<p><!--more--><\/p>\n<p>Desde la -Direcci\u00f3n de Discapacidad- de la Defensor\u00eda del Pueblo de la Provincia de Formosa, se inform\u00f3 que toda vez que en fecha 19 de agosto del corriente a\u00f1o, la Jueza Federal N\u00ba 2 Mar\u00eda Bel\u00e9n L\u00f3pez Mac\u00e9, dispuso mediante Sentencia Interlocutoria hacer lugar a la Medida Cautelar peticionada por la Defensor\u00eda del Pueblo, Ordenando al Estado Nacional y\/o Agencia Nacional de Discapacidad (ANDIS), a que en el plazo de 24 horas deje sin efecto la medida de retenci\u00f3n y\/o suspensi\u00f3n de las pensiones no contributivas por incapacidad laboral dispuestas en todo el territorio de la Provincia de Formosa, liberando los fondos depositados en las entidades bancarias que se encuentran retenidos en las cuentas de los beneficiarios y por otro lado, habi\u00e9ndose otorgado 3 meses para que las personas comprendidas dentro de este colectivo tengan la posibilidad de regularizar su situaci\u00f3n administrativa, todo lo cual fue notificado debidamente el 21 de agosto del 2025 y no habiendo cumplido la ANDIS con la medida antes descripta, se DENUNCI\u00d3 a la misma, por ante el Juzgado Federal N\u00ba 2, peticion\u00e1ndose la aplicaci\u00f3n de Astreintes (sanciones econ\u00f3micas o pecuniarias impuestas por un juez para compeler judicialmente al cumplimiento de una orden judicial) por cada d\u00eda de retraso o sanciones que S.S. estime corresponder, requiri\u00e9ndose al mismo tiempo, se corra vista al Ministerio P\u00fablico Fiscal ante la posible comisi\u00f3n de un hecho previsto y reprimido por el art. 239 del CPA (desobediencia a la autoridad o resistencia a la autoridad, castigando a quien resista o desobedezca a un funcionario p\u00fablico en el ejercicio leg\u00edtimo de sus funciones.<\/p>\n<p>La pena para este delito es de prisi\u00f3n de quince d\u00edas a un a\u00f1o). El Ombudsman Provincial, Dr. Jos\u00e9 Leonardo Gialluca, acredit\u00f3 la inconducta de la ANDIS mediante constancias bancarias a nombre de beneficiarios de donde surge que no se le han efectuado los dep\u00f3sitos que les corresponden como titulares de pensiones no contributivas por incapacidad laboral. El Funcionario Provincial, resalt\u00f3 en la denuncia presentada, que la ANDIS no solamente cometi\u00f3 y comete irregularidades en los procesos de contralor, sino que ahora se suman acciones que evidencian violaciones graves a los derechos humanos de las personas con discapacidad. Gialluca afirm\u00f3 que, el Gobierno Nacional y el actual Interventor de la ANDIS, Alejandro Vilches, deben entender que, el programa de pensiones mal llamadas por \u201cinvalidez laboral\u201d es una pol\u00edtica de transferencia de ingresos destinada a paliar las desigualdades estructurales que enfrentan las personas con discapacidad en Argentina. Su monto equivale al 70% de una jubilaci\u00f3n m\u00ednima y habilita el acceso a la cobertura sanitaria del programa \u201cIncluir Salud\u201d. Por otro lado, a los problemas procedimentales en las auditor\u00edas, es importante subrayar en que la norma sobre la cual se est\u00e1n realizando, tiene serios problemas de constitucionalidad.<\/p>\n<p>En efecto, permite que una persona pierda la pensi\u00f3n si no alcanza cierto porcentaje de \u201cinvalidez laboral\u201d, aun cuando no hay personas \u201cv\u00e1lidas\u201d o \u201cinv\u00e1lidas\u201d para el trabajo y cuando la exclusi\u00f3n del mercado laboral nada tiene que ver con porcentajes definidos por la medicina; o cuando la persona tenga un pariente que pueda asistirla econ\u00f3micamente, aun cuando la Convenci\u00f3n sobre los Derechos de las Personas con Discapacidad obliga al Estado a garantizar el derecho a vivir en forma independiente. Es que, la interrupci\u00f3n de la pensi\u00f3n supone la p\u00e9rdida de un ingreso fundamental para cubrir necesidades b\u00e1sicas como alimentaci\u00f3n, vestido y vivienda y tambi\u00e9n produce la p\u00e9rdida de la cobertura del Programa \u201cIncluir Salud\u201d, poniendo en riesgo la continuidad de tratamientos y el acceso a prestaciones centrales. De all\u00ed que cualquier decisi\u00f3n en relaci\u00f3n con estas prestaciones debe estar precedida de m\u00e1xima transparencia, asegurar el derecho de defensa de las personas beneficiarias y basarse en condiciones de acceso que respeten la Constituci\u00f3n y los Tratados Internacionales de derechos humanos.<\/p>\n","protected":false},"excerpt":{"rendered":"<p>-Los d\u00edas martes 2 de septiembre y mi\u00e9rcoles 3 de 8:30 a 12:00 horas, la Defensor\u00eda del Pueblo y el IPS estar\u00e1n acompa\u00f1ando y asesorando a los interesados en el Centro de Inclusi\u00f3n Digital del Lote 111, sumado al jueves 4 en la Casa de la Solidaridad del Barrio Venezuela en id\u00e9ntico horario-<\/p>\n","protected":false},"author":1,"featured_media":16489,"comment_status":"closed","ping_status":"closed","sticky":false,"template":"","format":"standard","meta":{"footnotes":""},"categories":[1],"tags":[],"class_list":["post-16488","post","type-post","status-publish","format-standard","has-post-thumbnail","hentry","category-noticias"],"_links":{"self":[{"href":"https:\/\/defensoriaformosa.gob.ar\/index.php?rest_route=\/wp\/v2\/posts\/16488","targetHints":{"allow":["GET"]}}],"collection":[{"href":"https:\/\/defensoriaformosa.gob.ar\/index.php?rest_route=\/wp\/v2\/posts"}],"about":[{"href":"https:\/\/defensoriaformosa.gob.ar\/index.php?rest_route=\/wp\/v2\/types\/post"}],"author":[{"embeddable":true,"href":"https:\/\/defensoriaformosa.gob.ar\/index.php?rest_route=\/wp\/v2\/users\/1"}],"replies":[{"embeddable":true,"href":"https:\/\/defensoriaformosa.gob.ar\/index.php?rest_route=%2Fwp%2Fv2%2Fcomments&post=16488"}],"version-history":[{"count":1,"href":"https:\/\/defensoriaformosa.gob.ar\/index.php?rest_route=\/wp\/v2\/posts\/16488\/revisions"}],"predecessor-version":[{"id":16490,"href":"https:\/\/defensoriaformosa.gob.ar\/index.php?rest_route=\/wp\/v2\/posts\/16488\/revisions\/16490"}],"wp:featuredmedia":[{"embeddable":true,"href":"https:\/\/defensoriaformosa.gob.ar\/index.php?rest_route=\/wp\/v2\/media\/16489"}],"wp:attachment":[{"href":"https:\/\/defensoriaformosa.gob.ar\/index.php?rest_route=%2Fwp%2Fv2%2Fmedia&parent=16488"}],"wp:term":[{"taxonomy":"category","embeddable":true,"href":"https:\/\/defensoriaformosa.gob.ar\/index.php?rest_route=%2Fwp%2Fv2%2Fcategories&post=16488"},{"taxonomy":"post_tag","embeddable":true,"href":"https:\/\/defensoriaformosa.gob.ar\/index.php?rest_route=%2Fwp%2Fv2%2Ftags&post=16488"}],"curies":[{"name":"wp","href":"https:\/\/api.w.org\/{rel}","templated":true}]}}