{"id":16482,"date":"2025-08-26T08:24:10","date_gmt":"2025-08-26T11:24:10","guid":{"rendered":"https:\/\/defensoriaformosa.gob.ar\/?p=16482"},"modified":"2025-08-27T08:26:39","modified_gmt":"2025-08-27T11:26:39","slug":"solicitan-al-senado-de-la-nacion-apruebe-la-ley-de-emergencia-en-discapacidad","status":"publish","type":"post","link":"https:\/\/defensoriaformosa.gob.ar\/?p=16482","title":{"rendered":"SOLICITAN AL SENADO DE LA NACION APRUEBE LA LEY DE EMERGENCIA EN DISCAPACIDAD"},"content":{"rendered":"<p><strong>Los verdaderos tramposos no eran los pensionados citados por Cartas Documento, sino quienes ordenaron las Auditor\u00edas y por ello, es necesario que se investigue y se haga justicia-<\/strong><\/p>\n<p><!--more--><\/p>\n<p>La -Direcci\u00f3n de Discapacidad- de la Defensor\u00eda del Pueblo de la Provincia de Formosa, junto a la Asociaci\u00f3n Camino Azul TEA Formosa que preside Florencia Santa Cruz, solicitaron formalmente a la Presidenta del Senado de la Naci\u00f3n, Dra. Claudia Villaruel, como as\u00ed tambi\u00e9n, a la Presidenta de la Comisi\u00f3n Unicameral de Salud, Lucia Benigna Corpacci, a la Comisi\u00f3n \u00danica de Derechos y Garant\u00edas en la persona del Senador Mariano Recalde, incluyendo a los Senadores de nuestra Provincia, Jos\u00e9 Miguel \u00c1ngel Mayans, Mar\u00eda Teresa Margarita Gonz\u00e1lez y Francisco Manuel Paoltroni, garanticen la continuidad de prestaciones y servicios esenciales para personas con discapacidad en todo el pa\u00eds, frente a los fuertes recortes que viene aplicando el Gobierno Nacional a estos sectores altamente vulnerables, \u201cmediante la aprobaci\u00f3n de la Ley de Emergencia en Discapacidad que viene a resguardar derechos que ya existen y que Institucionalmente, as\u00ed como socialmente, necesitamos que se garanticen hasta el 2027, toda vez que los recortes antes citados, han golpeado no solamente a las familias que poseen integrantes con discapacidad, sino tambi\u00e9n, a los sectores de profesionales que se encargan de atender a los mismos\u201d. El Ombudsman Provincial, Dr. Jos\u00e9 Leonardo Gialluca, se\u00f1al\u00f3 que, la reciente aprobaci\u00f3n en la C\u00e1mara de Diputados de la ley de emergencia en discapacidad abri\u00f3 un nuevo cap\u00edtulo de debate en el Congreso.<\/p>\n<p>El proyecto, que ahora deber\u00e1 ser tratado por el Senado, busca garantizar la continuidad de prestaciones y servicios esenciales para personas con discapacidad en todo el pa\u00eds, frente al desfinanciamiento impuesto en los \u00faltimos meses desde el Ministerio de Salud de Naci\u00f3n y la ANDIS en todo el territorio nacional. Por su parte, desde la Asociaci\u00f3n Camino Azul TEA Formosa, presentaron el d\u00eda 26 de agosto del corriente a\u00f1o, al actual Interventor de la ANDIS, Alejandro Vilches, junto a m\u00e1s de una veintena de ONG de todas las Provincias, como integrantes del -Consejo Federal de Discapacidad-, un escrito en el que, \u201crepudiaron los hechos que son de p\u00fablico conocimiento, relacionados con supuestas actas de corrupci\u00f3n en contra de la Administraci\u00f3n P\u00fablica, en la \u00f3rbita de la ANDIS y que han tomado estado p\u00fablico por la difusi\u00f3n de audios atribuidos al Ex Director de la misma, por lo cual, requirieron la convocatoria a una -Asamblea Extraordinaria del COFEDIS-, para que se informe cual es la situaci\u00f3n actual de la ANDIS\u201d. A\u00f1adieron que existe una gran angustia e impotencia en todo el colectivo de personas con discapacidad, pues, mientras se los ven\u00eda acusando de recibir beneficios indebidos, ahora sale a la luz que los verdaderos p\u00edcaros se encontraban del lado de quienes ordenaron las auditor\u00edas y por ello, es necesario que todo se investigue y se haga justicia lo m\u00e1s r\u00e1pidamente posible. Se record\u00f3 que el ajuste en las pensiones nacionales y la exigencia de revalidar certificados dejaron a miles de personas sin cobertura, \u201chubo auditor\u00edas mal planteadas, obligando a viajar cientos de kil\u00f3metros para renovar tr\u00e1mites, mandando cartas documento a domicilios inexistentes o dando plazos imposibles de cumplir\u201d, y todo esto formaba parte de una estrategia solamente para dar de baja pensiones.<\/p>\n<p>Gialluca agreg\u00f3 que, la Agencia Nacional de Discapacidad administra un presupuesto clave para garantizar derechos b\u00e1sicos: desde el acceso a centros de d\u00eda y terapias, hasta transportes, medicamentos, ortopedia y apoyos educativos, es una caja muy importante, dado que se trata de recursos necesarios para sostener la vida cotidiana de miles de personas, que ahora quedaron absolutamente desamparadas. Resalt\u00f3, que la situaci\u00f3n en la Provincia de Formosa, es diferente, toda vez que, desde el Estado Provincial, se mantienen y se impulsan pol\u00edticas p\u00fablicas que contienen y acompa\u00f1an a las personas con discapacidad, lo que permite neutralizar los efectos de los recortes impuestos desde el Gobierno Nacional. Pero advirti\u00f3 que las provincias pueden acompa\u00f1ar, pero no reemplazar las obligaciones para con las personas con discapacidad que impone al Gobierno Nacional, la Constituci\u00f3n Nacional, las Leyes vigentes en la materia y los Tratados Internacionales que ha suscripto la Argentina.<\/p>\n","protected":false},"excerpt":{"rendered":"<p>Los verdaderos tramposos no eran los pensionados citados por Cartas Documento, sino quienes ordenaron las Auditor\u00edas y por ello, es necesario que se investigue y se haga justicia-<\/p>\n","protected":false},"author":1,"featured_media":16483,"comment_status":"closed","ping_status":"closed","sticky":false,"template":"","format":"standard","meta":{"footnotes":""},"categories":[1],"tags":[],"class_list":["post-16482","post","type-post","status-publish","format-standard","has-post-thumbnail","hentry","category-noticias"],"_links":{"self":[{"href":"https:\/\/defensoriaformosa.gob.ar\/index.php?rest_route=\/wp\/v2\/posts\/16482","targetHints":{"allow":["GET"]}}],"collection":[{"href":"https:\/\/defensoriaformosa.gob.ar\/index.php?rest_route=\/wp\/v2\/posts"}],"about":[{"href":"https:\/\/defensoriaformosa.gob.ar\/index.php?rest_route=\/wp\/v2\/types\/post"}],"author":[{"embeddable":true,"href":"https:\/\/defensoriaformosa.gob.ar\/index.php?rest_route=\/wp\/v2\/users\/1"}],"replies":[{"embeddable":true,"href":"https:\/\/defensoriaformosa.gob.ar\/index.php?rest_route=%2Fwp%2Fv2%2Fcomments&post=16482"}],"version-history":[{"count":1,"href":"https:\/\/defensoriaformosa.gob.ar\/index.php?rest_route=\/wp\/v2\/posts\/16482\/revisions"}],"predecessor-version":[{"id":16484,"href":"https:\/\/defensoriaformosa.gob.ar\/index.php?rest_route=\/wp\/v2\/posts\/16482\/revisions\/16484"}],"wp:featuredmedia":[{"embeddable":true,"href":"https:\/\/defensoriaformosa.gob.ar\/index.php?rest_route=\/wp\/v2\/media\/16483"}],"wp:attachment":[{"href":"https:\/\/defensoriaformosa.gob.ar\/index.php?rest_route=%2Fwp%2Fv2%2Fmedia&parent=16482"}],"wp:term":[{"taxonomy":"category","embeddable":true,"href":"https:\/\/defensoriaformosa.gob.ar\/index.php?rest_route=%2Fwp%2Fv2%2Fcategories&post=16482"},{"taxonomy":"post_tag","embeddable":true,"href":"https:\/\/defensoriaformosa.gob.ar\/index.php?rest_route=%2Fwp%2Fv2%2Ftags&post=16482"}],"curies":[{"name":"wp","href":"https:\/\/api.w.org\/{rel}","templated":true}]}}