{"id":16479,"date":"2025-08-25T23:20:18","date_gmt":"2025-08-26T02:20:18","guid":{"rendered":"https:\/\/defensoriaformosa.gob.ar\/?p=16479"},"modified":"2025-08-25T23:20:18","modified_gmt":"2025-08-26T02:20:18","slug":"denuncian-que-se-quitaron-pensiones-a-personas-con-discapacidad-que-no-fueron-auditadas","status":"publish","type":"post","link":"https:\/\/defensoriaformosa.gob.ar\/?p=16479","title":{"rendered":"DENUNCIAN QUE SE QUITARON PENSIONES A PERSONAS CON DISCAPACIDAD QUE NO FUERON AUDITADAS"},"content":{"rendered":"<p><strong>-Ante las bajas o suspensiones se debe para solicitar la rehabilitaci\u00f3n de las prestaciones, presentando fotocopia del DNI (frente y dorso), documentaci\u00f3n m\u00e9dica relacionada con la incapacidad laboral o historia cl\u00ednica actualizada por un establecimiento p\u00fablico o privado, o los m\u00e1s actuales posibles, no siendo necesario que se hagan estudios especialmente para dicha presentaci\u00f3n, como tampoco es necesario nuevo CMO, ni CUD. Estos antecedentes, pueden ser enviados al correo electr\u00f3nico: <a href=\"mailto:reclamosdaeeyl-andis@andis.gob.ar\">reclamosdaeeyl-andis@andis.gob.ar<\/a>, o presencialmente ante cualquier oficina del ANSES, Organismo este que depende del Ministerio de Capital Humano y debe recepcionar la documentaci\u00f3n m\u00e9dica que solicita la ANDIS. Desde el Organismo de la Constituci\u00f3n, \u201cse se\u00f1al\u00f3 que a la fecha existen diversos lugares a cargo del Ministerio de la Comunidad que vienen acompa\u00f1ando y asesorando a los interesados y que en los pr\u00f3ximos d\u00edas se publicar\u00e1n, otros sitios, donde el IPS junto a la Defensor\u00eda del Pueblo concretar\u00e1n actividades en el mismo sentido-<\/strong><\/p>\n<p><!--more--><\/p>\n<p>El Defensor del Pueblo de la Provincia de Formosa, Dr. Jos\u00e9 Leonardo Gialluca, inform\u00f3 que, hasta el mes de junio del corriente a\u00f1o, seg\u00fan la Agencia Nacional de Discapacidad (ANDIS), se hab\u00edan enviado 834.157 cartas documento en el marco de las\u00a0auditor\u00edas por las pensiones por discapacidad, pero, por distintos motivos, 385.993 \u2013el 46,3%\u2013 no pudieron ser entregadas, sin embargo, el 8 de agosto, el Vocero Presidencial, Manuel Adorni, inform\u00f3 que hab\u00edan dado de baja 110 mil prestaciones. Este es uno de los puntos, que hemos denunciado, como una falla estructural en los controles, por parte de la ANDIS, ya que dieron de baja o suspendieron beneficios sin ninguna explicaci\u00f3n y conseguir la restituci\u00f3n, es una tarea complicada, por lo que el Fallo Judicial que otorga tres (3) meses a todos los titulares de pensiones, la posibilidad de regularizar su situaci\u00f3n administrativa, es un punto que debe ser utilizado cuanto antes y siempre con un debido asesoramiento.<\/p>\n<p>Por otro lado, el Decreto 843\/24, \u201cvolvi\u00f3 a instalar requisitos que ya fueron declarados inconstitucionales por la Justicia, como acreditar un porcentaje determinado de disminuci\u00f3n en capacidad laborativa o no tener parientes obligados a prestar alimentos\u201d. Como primera irregularidad, el funcionario provincial denunci\u00f3 que,\u00a0el proceso de auditor\u00edas no est\u00e1 regulado: no existe un documento oficial en el que se defina claramente las etapas, la metodolog\u00eda o los plazos. Adem\u00e1s, no hay alternativa para quienes no puedan asistir de manera presencial a pesar de que muchos fueron citados a grandes distancias de sus domicilios. En este contexto, lo \u00fanico que repite el Gobierno Nacional para justificar el ajuste en las pensiones es el del crecimiento en la cantidad que se entregan en el pa\u00eds. Sin embargo, seg\u00fan los \u00faltimos datos del censo de poblaci\u00f3n, el 12,9% de los argentinos tiene una discapacidad, lo que equivaldr\u00eda a 5 millones de personas. De este total,\u00a0solo el 20% accedi\u00f3 a una pensi\u00f3n. El porcentaje es muy inferior a la cobertura que, seg\u00fan un informe de la OIT, reciben las personas con discapacidad en el mundo: 38,9%. En algunos pa\u00edses llega incluso al 90%. Dos cuestiones principales explican el aumento del n\u00famero de pensiones en Argentina. La principal es que hasta 2003 exist\u00eda un sistema de \u201calta por baja\u201d.<\/p>\n<p>Es decir que hasta entonces el n\u00famero de pensiones por discapacidad se manten\u00eda estable, porque solamente ante la baja de un beneficio se otorgaba uno nuevo: el mecanismo dejaba afuera a miles de personas que cumpl\u00edan los dem\u00e1s requisitos para acceder a este ingreso y lo necesitaban. Por otro lado, el pa\u00eds tuvo que adaptarse a las exigencias de la Convenci\u00f3n sobre los Derechos de las Personas con Discapacidad (CDPD), que se ratific\u00f3 en 2008. Ese instrumento internacional compromete al Estado a garantizar el acceso a la alimentaci\u00f3n, vivienda y vestimenta de las personas con discapacidad, derechos que dif\u00edcilmente tienen garantizados por otros medios. M\u00e1s del 75% de las personas con discapacidad est\u00e1n desempleadas o tienen empleos precarios, no por incapacidad laboral, sino por falta de accesibilidad, y ello es una responsabilidad del Estado.<\/p>\n","protected":false},"excerpt":{"rendered":"<p>-Ante las bajas o suspensiones se debe para solicitar la rehabilitaci\u00f3n de las prestaciones, presentando fotocopia del DNI (frente y dorso), documentaci\u00f3n m\u00e9dica relacionada con la incapacidad laboral o historia cl\u00ednica actualizada por un establecimiento p\u00fablico o privado, o los m\u00e1s actuales posibles, no siendo necesario que se hagan estudios especialmente para dicha presentaci\u00f3n, como [&hellip;]<\/p>\n","protected":false},"author":1,"featured_media":16480,"comment_status":"closed","ping_status":"closed","sticky":false,"template":"","format":"standard","meta":{"footnotes":""},"categories":[1],"tags":[],"class_list":["post-16479","post","type-post","status-publish","format-standard","has-post-thumbnail","hentry","category-noticias"],"_links":{"self":[{"href":"https:\/\/defensoriaformosa.gob.ar\/index.php?rest_route=\/wp\/v2\/posts\/16479","targetHints":{"allow":["GET"]}}],"collection":[{"href":"https:\/\/defensoriaformosa.gob.ar\/index.php?rest_route=\/wp\/v2\/posts"}],"about":[{"href":"https:\/\/defensoriaformosa.gob.ar\/index.php?rest_route=\/wp\/v2\/types\/post"}],"author":[{"embeddable":true,"href":"https:\/\/defensoriaformosa.gob.ar\/index.php?rest_route=\/wp\/v2\/users\/1"}],"replies":[{"embeddable":true,"href":"https:\/\/defensoriaformosa.gob.ar\/index.php?rest_route=%2Fwp%2Fv2%2Fcomments&post=16479"}],"version-history":[{"count":1,"href":"https:\/\/defensoriaformosa.gob.ar\/index.php?rest_route=\/wp\/v2\/posts\/16479\/revisions"}],"predecessor-version":[{"id":16481,"href":"https:\/\/defensoriaformosa.gob.ar\/index.php?rest_route=\/wp\/v2\/posts\/16479\/revisions\/16481"}],"wp:featuredmedia":[{"embeddable":true,"href":"https:\/\/defensoriaformosa.gob.ar\/index.php?rest_route=\/wp\/v2\/media\/16480"}],"wp:attachment":[{"href":"https:\/\/defensoriaformosa.gob.ar\/index.php?rest_route=%2Fwp%2Fv2%2Fmedia&parent=16479"}],"wp:term":[{"taxonomy":"category","embeddable":true,"href":"https:\/\/defensoriaformosa.gob.ar\/index.php?rest_route=%2Fwp%2Fv2%2Fcategories&post=16479"},{"taxonomy":"post_tag","embeddable":true,"href":"https:\/\/defensoriaformosa.gob.ar\/index.php?rest_route=%2Fwp%2Fv2%2Ftags&post=16479"}],"curies":[{"name":"wp","href":"https:\/\/api.w.org\/{rel}","templated":true}]}}