{"id":16469,"date":"2025-08-19T08:18:04","date_gmt":"2025-08-19T11:18:04","guid":{"rendered":"https:\/\/defensoriaformosa.gob.ar\/?p=16469"},"modified":"2025-08-20T08:21:38","modified_gmt":"2025-08-20T11:21:38","slug":"el-fallo-judicial-que-veto-la-ley-de-emergencia-en-discapacidad-es-solo-para-un-caso-puntual-pero-sienta-precedente","status":"publish","type":"post","link":"https:\/\/defensoriaformosa.gob.ar\/?p=16469","title":{"rendered":"EL FALLO JUDICIAL QUE VET\u00d3 LA LEY DE EMERGENCIA EN DISCAPACIDAD \u201cES SOLO PARA UN CASO PUNTUAL, PERO SIENTA PRECEDENTE\u201d"},"content":{"rendered":"<p><strong>\u201cEs relevante que la Justicia afirme que la cuesti\u00f3n presupuestaria no puede estar sobre el derecho a la salud\u00bb<\/strong><\/p>\n<p><!--more--><\/p>\n<p>El Defensor del Pueblo de la Provincia de Formosa Dr. Jos\u00e9 Leonardo Gialluca, se\u00f1al\u00f3 que los alcances de la Resoluci\u00f3n Judicial del Juez Federal de Campana Adri\u00e1n Gonz\u00e1lez Charvay, que invalid\u00f3 el veto que firm\u00f3 el presidente Javier Milei a la ley de emergencia en discapacidad, y responde al Amparo presentado por los padres de dos menores de 11 a\u00f1os, beneficia \u00fanicamente a ese caso puntual, pero rescat\u00f3 que sienta un valioso precedente, y que seguramente ser\u00e1 apelado por el Gobierno Nacional. El significado del mismo, es important\u00edsimo porque ubica lo que venimos planteando hace much\u00edsimo tiempo. La cuesti\u00f3n presupuestaria no puede estar nunca por encima de los convenios internacionales y por sobre el derecho a la salud y la educaci\u00f3n de los hijos. En los fundamentos de su resoluci\u00f3n, Gonz\u00e1lez Chavary hizo lugar al amparo al se\u00f1alar que los hermanos padecen \u201ctrastornos generalizados del desarrollo\u201d y \u201ctrastornos espec\u00edficos en las habilidades escolares\u201d. Esos ni\u00f1os asisten a un centro educativo terap\u00e9utico, adem\u00e1s de su regularidad en un colegio especial, el mismo que en voz de sus autoridades expres\u00f3 que el desfinanciamiento estatal pon\u00eda en riesgo su funcionamiento y los dejaba al borde del cierre.<\/p>\n<p>El fallo tambi\u00e9n indica que las instituciones a las cuales asisten estos chicos subsisten gracias a pr\u00e9stamos bancarios y donaciones. Institucionalmente, entendemos como relevante que desde el discurso judicial se legitimen cuestiones que tienen que ver con el campo del derecho, las legislaciones internacionales que se est\u00e1n violando, porque con la excusa de que no se ha eliminado el sistema integral de prestaciones, s\u00ed se est\u00e1 desarmando el sistema, por la precarizaci\u00f3n y desfinanciaci\u00f3n a la que viene siendo sometido hace tiempo y que lo est\u00e1 haciendo desaparecer. En la sesi\u00f3n de este mi\u00e9rcoles en la C\u00e1mara de Diputados, se necesitar\u00e1 el voto afirmativo de una mayor\u00eda especial para poder rechazar los vetos que firm\u00f3 la semana pasada el presidente Javier Milei. Se record\u00f3 que la ley que declara la emergencia en discapacidad aprobada por el Congreso y vetada por Milei contempla el sistema integral de prestaciones que est\u00e1 establecido a partir de la ley 24.901, que indica todas las prestaciones de salud y educaci\u00f3n, transporte y rehabilitaci\u00f3n, recomponiendo la situaci\u00f3n arancelaria de modo que acompa\u00f1e la inflaci\u00f3n que se produjo del 2023 a la fecha.<\/p>\n<p>Tambi\u00e9n garantiza presupuesto para la Agencia Nacional de Discapacidad y sus programas y que las personas que est\u00e1n por afuera del sistema de pensiones puedan ingresar al mismo. En este momento hay m\u00e1s de 500 mil personas en el pa\u00eds que no lograron acceder a beneficio alguno, que han tramitado la pensi\u00f3n, pero no se las dieron. No solo podr\u00edan cobrar una pensi\u00f3n de 280 mil pesos, sino que adem\u00e1s les permitir\u00eda ingresar al sistema de prestaciones. Esas personas est\u00e1n por fuera del circuito de educaci\u00f3n, de formaci\u00f3n laboral, de hogar, de rehabilitaci\u00f3n, es decir, absolutamente invisibilizadas y excluidas de las normativas vigentes que los protegen y que el Estado Nacional les niega y desconoce.<\/p>\n","protected":false},"excerpt":{"rendered":"<p>\u201cEs relevante que la Justicia afirme que la cuesti\u00f3n presupuestaria no puede estar sobre el derecho a la salud\u00bb<\/p>\n","protected":false},"author":1,"featured_media":16470,"comment_status":"closed","ping_status":"closed","sticky":false,"template":"","format":"standard","meta":{"footnotes":""},"categories":[1],"tags":[],"class_list":["post-16469","post","type-post","status-publish","format-standard","has-post-thumbnail","hentry","category-noticias"],"_links":{"self":[{"href":"https:\/\/defensoriaformosa.gob.ar\/index.php?rest_route=\/wp\/v2\/posts\/16469","targetHints":{"allow":["GET"]}}],"collection":[{"href":"https:\/\/defensoriaformosa.gob.ar\/index.php?rest_route=\/wp\/v2\/posts"}],"about":[{"href":"https:\/\/defensoriaformosa.gob.ar\/index.php?rest_route=\/wp\/v2\/types\/post"}],"author":[{"embeddable":true,"href":"https:\/\/defensoriaformosa.gob.ar\/index.php?rest_route=\/wp\/v2\/users\/1"}],"replies":[{"embeddable":true,"href":"https:\/\/defensoriaformosa.gob.ar\/index.php?rest_route=%2Fwp%2Fv2%2Fcomments&post=16469"}],"version-history":[{"count":1,"href":"https:\/\/defensoriaformosa.gob.ar\/index.php?rest_route=\/wp\/v2\/posts\/16469\/revisions"}],"predecessor-version":[{"id":16471,"href":"https:\/\/defensoriaformosa.gob.ar\/index.php?rest_route=\/wp\/v2\/posts\/16469\/revisions\/16471"}],"wp:featuredmedia":[{"embeddable":true,"href":"https:\/\/defensoriaformosa.gob.ar\/index.php?rest_route=\/wp\/v2\/media\/16470"}],"wp:attachment":[{"href":"https:\/\/defensoriaformosa.gob.ar\/index.php?rest_route=%2Fwp%2Fv2%2Fmedia&parent=16469"}],"wp:term":[{"taxonomy":"category","embeddable":true,"href":"https:\/\/defensoriaformosa.gob.ar\/index.php?rest_route=%2Fwp%2Fv2%2Fcategories&post=16469"},{"taxonomy":"post_tag","embeddable":true,"href":"https:\/\/defensoriaformosa.gob.ar\/index.php?rest_route=%2Fwp%2Fv2%2Ftags&post=16469"}],"curies":[{"name":"wp","href":"https:\/\/api.w.org\/{rel}","templated":true}]}}